{"id":5690,"date":"2016-08-11T16:08:12","date_gmt":"2016-08-11T16:08:12","guid":{"rendered":"https:\/\/www.laclauelite.com\/?p=5690"},"modified":"2016-08-11T16:18:50","modified_gmt":"2016-08-11T16:18:50","slug":"la-imatge-limmoble-ho-tot","status":"publish","type":"post","link":"https:\/\/www.laclauelite.com\/ca\/la-imatge-limmoble-ho-tot\/","title":{"rendered":"La imatge de l&#8217;immoble ho \u00e9s tot"},"content":{"rendered":"<p style=\"text-align: justify;\">Per a ning\u00fa \u00e9s un secret que les primeres impressions ho s\u00f3n tot a la vida. Recorda el dia en qu\u00e8 vas anar a buscar la teva primera feina, tot el que et esfor\u00e7ar per lluir com un professional d&#8217;alta gamma i no com un acabat de tornar d&#8217;alguna instituci\u00f3 universit\u00e0ria o aquella ocasi\u00f3 en qu\u00e8 vas convidar a sortir a la noia dels teus somnis i vas decidir que anaves a lluir al m\u00e0xim. En realitat, aquesta obsessi\u00f3 amb el detall \u00e9s una cosa que ha acompanyat l&#8217;\u00e9sser hum\u00e0 des de sempre, els membres de les grans i antigues civilitzacions, buscaven expressar la seva individualitat portant peces de joieria, vestits amb colors i estampats ex\u00f2tics amb pentinats poc comuns.<\/p>\n<p style=\"text-align: justify;\">Amb aquesta petita par\u00f2dia volem fer-te veure que en el sector immobiliari passa exactament el mateix i per tant &#8230;<\/p>\n<h2>La imatge del teu immoble et representa<\/h2>\n<p style=\"text-align: justify;\">Avui en dia, les persones no nom\u00e9s ens limitem quant al nostre aspecte f\u00edsic, tamb\u00e9 hem anat sumant altres \u00e0rees de la nostra vida a la imatge que desitgem projectar, entre aquestes extensions de nosaltres mateixos es troben el cotxe que condu\u00efm i per descomptat la llar en el qual fem vida. Respecte a aquest \u00faltim punt, nosaltres a La Clau Elite, hem dissenyat un <a href=\"https:\/\/www.laclauelite.com\/ca\/serveis\/arquitectura-e-interiorisme\/\" target=\"_blank\">servei complet d&#8217;assessorament arquitect\u00f2nic i d&#8217;interiorisme<\/a>, amb l&#8217;objectiu de no nom\u00e9s crear un espai agradable als ulls, sin\u00f3, expressar la personalitat del client alhora que satisfem totes les seves necessitats.<\/p>\n<h3>Avaluant l&#8217;arquitectura del teu habitatge<\/h3>\n<p style=\"text-align: justify;\">La nostra \u00e0mplia traject\u00f2ria com a agents immobiliaris ens ha ensenyat que en diverses ocasions, <strong>els clients desitgen adaptar el disseny d&#8217;una casa a les seves prefer\u00e8ncies o necessitats expl\u00edcites<\/strong>. Per exemple, una propietat de luxe ofereix una s\u00e8rie de comoditats ideals per a un ampli percentatge d&#8217;individus i no obstant aix\u00f2, en el cas d&#8217;un artista pl\u00e0stic, comptar amb la limitant de no proporcionar-li un taller de treball per les seves obres.<\/p>\n<p style=\"text-align: justify;\">A <a href=\"https:\/\/www.laclauelite.com\/ca\/\" target=\"_blank\">La Clau Elite<\/a>, es compta amb un grup experimentat d&#8217;arquitectes que escoltessin el seu problema, estudiessin a fons el disseny i estructura de la llar i despr\u00e9s dissenyaran un projecte per ajudar a crear aquest espai que tant enyora tenir, respectant que les remodelacions mantinguin l&#8217;harmonia amb el disseny original.<\/p>\n<h3 style=\"text-align: justify;\">Quan l&#8217;important \u00e9s el decorat de l&#8217;immoble<\/h3>\n<p style=\"text-align: justify;\">La feina d&#8217;un interiorista, \u00e9s garantir que cada espai o ambient d&#8217;una edificaci\u00f3, transmeti un conjunt de sensacions \u00faniques que siguin agradables per a les persones que hi fan vida. Hi ha tres \u00e0rees d&#8217;una casa que tendeixen a ser cr\u00edtiques pel que fa a decorat i distribuci\u00f3, aquestes s\u00f3n la cuina, el sal\u00f3 principal i el dormitori. A Espanya, posseir una cuina finament dissenyada, que sigui \u00e0mplia i que gaudeixi d&#8217;una bona distribuci\u00f3, pot <strong>incrementar el preu de l&#8217;immoble fins a en un 20% del seu valor<\/strong> original.<\/p>\n<p style=\"text-align: justify;\">La decoraci\u00f3 \u00e9s un art que s&#8217;estudia amb certa minuciositat, perqu\u00e8 tots els elements d&#8217;una habitaci\u00f3 han de brindar no nom\u00e9s harmonia a l&#8217;ambient, tamb\u00e9 han de proveir practicitat, amplitud de l&#8217;espai i lluminositat. \u00c9s per aix\u00f2 que els nostres interioristes s\u00f3n experts quant a l&#8217;\u00fas dels colors, materials i aprofitament de l&#8217;espai.<\/p>\n<p style=\"text-align: justify;\">Ara que ja saps el benefici\u00f3s que pot arribar a ser el condicionar teu habitatge si planeges posar-la a la venda, volem compartir amb tu aquest v\u00eddeo titulat &#8220;Com transformar la teva casa de dalt a baix per vendre-la m\u00e9s r\u00e0pid ia millor preu&#8221; publicat al canal de Youtube de el Confidencial TV, en qu\u00e8 podr\u00e0s observar les opinions dels actuals propietaris on t&#8217;indiquen tots els que de seguida van percebre a l&#8217;hora de comprar el seu immoble.<\/p>\n<p><iframe title=\"C\u00f3mo transformar tu casa de arriba abajo para venderla m\u00e1s r\u00e1pido y a mejor precio\" width=\"1170\" height=\"658\" src=\"https:\/\/www.youtube.com\/embed\/jk8ctS7X3m8?feature=oembed\" frameborder=\"0\" allow=\"accelerometer; autoplay; clipboard-write; encrypted-media; gyroscope; picture-in-picture\" allowfullscreen><\/iframe><\/p>\n<p>Esperem que aquest article hagi estat del teu grat, i abans d&#8217;acomiadar-et recordem que pots deixar plasmats els teus comentaris al respecte, seguint el fil d&#8217;aquest post.<\/p>\n<p>Una salutaci\u00f3 i fins al seg\u00fcent article. \ud83d\ude42<\/p>\n","protected":false},"excerpt":{"rendered":"<p>Per a ning\u00fa \u00e9s un secret que les primeres impressions ho s\u00f3n tot a la vida. Recorda el dia en qu\u00e8 vas anar a buscar la teva primera feina, tot el que et esfor\u00e7ar per lluir com un professional d&#8217;alta gamma i no com un acabat de tornar d&#8217;alguna instituci\u00f3 universit\u00e0ria o aquella ocasi\u00f3 en [&hellip;]<\/p>\n","protected":false},"author":3,"featured_media":5694,"comment_status":"open","ping_status":"closed","sticky":false,"template":"","format":"standard","meta":{"footnotes":""},"categories":[13],"tags":[39],"yoast_head":"<!-- This site is optimized with the Yoast SEO plugin v21.6 - https:\/\/yoast.com\/wordpress\/plugins\/seo\/ -->\n<title>La imatge de l&#039;immoble ho \u00e9s tot - La Clau Elite<\/title>\n<meta name=\"description\" content=\"La imatge de l&#039;immoble els \u00e9s tot \u00e9s un article on et parlem dels avantatges d&#039;endre\u00e7ar teu habitatge abans de posar-la a la venda.\" \/>\n<meta name=\"robots\" content=\"index, follow, max-snippet:-1, max-image-preview:large, max-video-preview:-1\" \/>\n<link rel=\"canonical\" href=\"https:\/\/www.laclauelite.com\/ca\/la-imatge-limmoble-ho-tot\/\" \/>\n<meta property=\"og:locale\" content=\"ca_ES\" \/>\n<meta property=\"og:type\" content=\"article\" \/>\n<meta property=\"og:title\" content=\"La imatge de l&#039;immoble ho \u00e9s tot - La Clau Elite\" \/>\n<meta property=\"og:description\" content=\"La imatge de l&#039;immoble els \u00e9s tot \u00e9s un article on et parlem dels avantatges d&#039;endre\u00e7ar teu habitatge abans de posar-la a la venda.\" \/>\n<meta property=\"og:url\" content=\"https:\/\/www.laclauelite.com\/ca\/la-imatge-limmoble-ho-tot\/\" \/>\n<meta property=\"og:site_name\" content=\"La Clau Elite\" \/>\n<meta property=\"article:published_time\" content=\"2016-08-11T16:08:12+00:00\" \/>\n<meta property=\"article:modified_time\" content=\"2016-08-11T16:18:50+00:00\" \/>\n<meta property=\"og:image\" content=\"https:\/\/www.laclauelite.com\/wp-content\/uploads\/2016\/08\/dormitori-decorat.jpg\" \/>\n\t<meta property=\"og:image:width\" content=\"736\" \/>\n\t<meta property=\"og:image:height\" content=\"414\" \/>\n\t<meta property=\"og:image:type\" content=\"image\/jpeg\" \/>\n<meta name=\"author\" content=\"La Clau Elite\" \/>\n<meta name=\"twitter:label1\" content=\"Escrit per\" \/>\n\t<meta name=\"twitter:data1\" content=\"La Clau Elite\" \/>\n\t<meta name=\"twitter:label2\" content=\"Temps estimat de lectura\" \/>\n\t<meta name=\"twitter:data2\" content=\"3 minuts\" \/>\n<script type=\"application\/ld+json\" class=\"yoast-schema-graph\">{\"@context\":\"https:\/\/schema.org\",\"@graph\":[{\"@type\":\"WebPage\",\"@id\":\"https:\/\/www.laclauelite.com\/ca\/la-imatge-limmoble-ho-tot\/\",\"url\":\"https:\/\/www.laclauelite.com\/ca\/la-imatge-limmoble-ho-tot\/\",\"name\":\"La imatge de l'immoble ho \u00e9s tot - La Clau Elite\",\"isPartOf\":{\"@id\":\"https:\/\/www.laclauelite.com\/#website\"},\"datePublished\":\"2016-08-11T16:08:12+00:00\",\"dateModified\":\"2016-08-11T16:18:50+00:00\",\"author\":{\"@id\":\"https:\/\/www.laclauelite.com\/#\/schema\/person\/9eb35ce7519b3f713921cb1768c312ec\"},\"description\":\"La imatge de l'immoble els \u00e9s tot \u00e9s un article on et parlem dels avantatges d'endre\u00e7ar teu habitatge abans de posar-la a la venda.\",\"breadcrumb\":{\"@id\":\"https:\/\/www.laclauelite.com\/ca\/la-imatge-limmoble-ho-tot\/#breadcrumb\"},\"inLanguage\":\"ca\",\"potentialAction\":[{\"@type\":\"ReadAction\",\"target\":[\"https:\/\/www.laclauelite.com\/ca\/la-imatge-limmoble-ho-tot\/\"]}]},{\"@type\":\"BreadcrumbList\",\"@id\":\"https:\/\/www.laclauelite.com\/ca\/la-imatge-limmoble-ho-tot\/#breadcrumb\",\"itemListElement\":[{\"@type\":\"ListItem\",\"position\":1,\"name\":\"Portada\",\"item\":\"https:\/\/www.laclauelite.com\/\"},{\"@type\":\"ListItem\",\"position\":2,\"name\":\"La imatge de l&#8217;immoble ho \u00e9s tot\"}]},{\"@type\":\"WebSite\",\"@id\":\"https:\/\/www.laclauelite.com\/#website\",\"url\":\"https:\/\/www.laclauelite.com\/\",\"name\":\"La Clau Elite\",\"description\":\"\",\"potentialAction\":[{\"@type\":\"SearchAction\",\"target\":{\"@type\":\"EntryPoint\",\"urlTemplate\":\"https:\/\/www.laclauelite.com\/?s={search_term_string}\"},\"query-input\":\"required name=search_term_string\"}],\"inLanguage\":\"ca\"},{\"@type\":\"Person\",\"@id\":\"https:\/\/www.laclauelite.com\/#\/schema\/person\/9eb35ce7519b3f713921cb1768c312ec\",\"name\":\"La Clau Elite\",\"image\":{\"@type\":\"ImageObject\",\"inLanguage\":\"ca\",\"@id\":\"https:\/\/www.laclauelite.com\/#\/schema\/person\/image\/\",\"url\":\"https:\/\/secure.gravatar.com\/avatar\/3ee1b6729d630bf103243818b002534e?s=96&d=mm&r=g\",\"contentUrl\":\"https:\/\/secure.gravatar.com\/avatar\/3ee1b6729d630bf103243818b002534e?s=96&d=mm&r=g\",\"caption\":\"La Clau Elite\"}}]}<\/script>\n<!-- \/ Yoast SEO plugin. -->","yoast_head_json":{"title":"La imatge de l'immoble ho \u00e9s tot - La Clau Elite","description":"La imatge de l'immoble els \u00e9s tot \u00e9s un article on et parlem dels avantatges d'endre\u00e7ar teu habitatge abans de posar-la a la venda.","robots":{"index":"index","follow":"follow","max-snippet":"max-snippet:-1","max-image-preview":"max-image-preview:large","max-video-preview":"max-video-preview:-1"},"canonical":"https:\/\/www.laclauelite.com\/ca\/la-imatge-limmoble-ho-tot\/","og_locale":"ca_ES","og_type":"article","og_title":"La imatge de l'immoble ho \u00e9s tot - La Clau Elite","og_description":"La imatge de l'immoble els \u00e9s tot \u00e9s un article on et parlem dels avantatges d'endre\u00e7ar teu habitatge abans de posar-la a la venda.","og_url":"https:\/\/www.laclauelite.com\/ca\/la-imatge-limmoble-ho-tot\/","og_site_name":"La Clau Elite","article_published_time":"2016-08-11T16:08:12+00:00","article_modified_time":"2016-08-11T16:18:50+00:00","og_image":[{"width":736,"height":414,"url":"https:\/\/www.laclauelite.com\/wp-content\/uploads\/2016\/08\/dormitori-decorat.jpg","type":"image\/jpeg"}],"author":"La Clau Elite","twitter_misc":{"Escrit per":"La Clau Elite","Temps estimat de lectura":"3 minuts"},"schema":{"@context":"https:\/\/schema.org","@graph":[{"@type":"WebPage","@id":"https:\/\/www.laclauelite.com\/ca\/la-imatge-limmoble-ho-tot\/","url":"https:\/\/www.laclauelite.com\/ca\/la-imatge-limmoble-ho-tot\/","name":"La imatge de l'immoble ho \u00e9s tot - La Clau Elite","isPartOf":{"@id":"https:\/\/www.laclauelite.com\/#website"},"datePublished":"2016-08-11T16:08:12+00:00","dateModified":"2016-08-11T16:18:50+00:00","author":{"@id":"https:\/\/www.laclauelite.com\/#\/schema\/person\/9eb35ce7519b3f713921cb1768c312ec"},"description":"La imatge de l'immoble els \u00e9s tot \u00e9s un article on et parlem dels avantatges d'endre\u00e7ar teu habitatge abans de posar-la a la venda.","breadcrumb":{"@id":"https:\/\/www.laclauelite.com\/ca\/la-imatge-limmoble-ho-tot\/#breadcrumb"},"inLanguage":"ca","potentialAction":[{"@type":"ReadAction","target":["https:\/\/www.laclauelite.com\/ca\/la-imatge-limmoble-ho-tot\/"]}]},{"@type":"BreadcrumbList","@id":"https:\/\/www.laclauelite.com\/ca\/la-imatge-limmoble-ho-tot\/#breadcrumb","itemListElement":[{"@type":"ListItem","position":1,"name":"Portada","item":"https:\/\/www.laclauelite.com\/"},{"@type":"ListItem","position":2,"name":"La imatge de l&#8217;immoble ho \u00e9s tot"}]},{"@type":"WebSite","@id":"https:\/\/www.laclauelite.com\/#website","url":"https:\/\/www.laclauelite.com\/","name":"La Clau Elite","description":"","potentialAction":[{"@type":"SearchAction","target":{"@type":"EntryPoint","urlTemplate":"https:\/\/www.laclauelite.com\/?s={search_term_string}"},"query-input":"required name=search_term_string"}],"inLanguage":"ca"},{"@type":"Person","@id":"https:\/\/www.laclauelite.com\/#\/schema\/person\/9eb35ce7519b3f713921cb1768c312ec","name":"La Clau Elite","image":{"@type":"ImageObject","inLanguage":"ca","@id":"https:\/\/www.laclauelite.com\/#\/schema\/person\/image\/","url":"https:\/\/secure.gravatar.com\/avatar\/3ee1b6729d630bf103243818b002534e?s=96&d=mm&r=g","contentUrl":"https:\/\/secure.gravatar.com\/avatar\/3ee1b6729d630bf103243818b002534e?s=96&d=mm&r=g","caption":"La Clau Elite"}}]}},"_links":{"self":[{"href":"https:\/\/www.laclauelite.com\/ca\/wp-json\/wp\/v2\/posts\/5690"}],"collection":[{"href":"https:\/\/www.laclauelite.com\/ca\/wp-json\/wp\/v2\/posts"}],"about":[{"href":"https:\/\/www.laclauelite.com\/ca\/wp-json\/wp\/v2\/types\/post"}],"author":[{"embeddable":true,"href":"https:\/\/www.laclauelite.com\/ca\/wp-json\/wp\/v2\/users\/3"}],"replies":[{"embeddable":true,"href":"https:\/\/www.laclauelite.com\/ca\/wp-json\/wp\/v2\/comments?post=5690"}],"version-history":[{"count":3,"href":"https:\/\/www.laclauelite.com\/ca\/wp-json\/wp\/v2\/posts\/5690\/revisions"}],"predecessor-version":[{"id":5693,"href":"https:\/\/www.laclauelite.com\/ca\/wp-json\/wp\/v2\/posts\/5690\/revisions\/5693"}],"wp:featuredmedia":[{"embeddable":true,"href":"https:\/\/www.laclauelite.com\/ca\/wp-json\/wp\/v2\/media\/5694"}],"wp:attachment":[{"href":"https:\/\/www.laclauelite.com\/ca\/wp-json\/wp\/v2\/media?parent=5690"}],"wp:term":[{"taxonomy":"category","embeddable":true,"href":"https:\/\/www.laclauelite.com\/ca\/wp-json\/wp\/v2\/categories?post=5690"},{"taxonomy":"post_tag","embeddable":true,"href":"https:\/\/www.laclauelite.com\/ca\/wp-json\/wp\/v2\/tags?post=5690"}],"curies":[{"name":"wp","href":"https:\/\/api.w.org\/{rel}","templated":true}]}}