{"id":6185,"date":"2017-07-05T10:33:36","date_gmt":"2017-07-05T10:33:36","guid":{"rendered":"https:\/\/www.laclauelite.com\/?p=6185"},"modified":"2017-07-05T10:33:36","modified_gmt":"2017-07-05T10:33:36","slug":"dissenya-jardi-arab-llar","status":"publish","type":"post","link":"https:\/\/www.laclauelite.com\/ca\/dissenya-jardi-arab-llar\/","title":{"rendered":"Dissenya un jard\u00ed \u00e0rab privat a la teva llar"},"content":{"rendered":"<p style=\"text-align: justify;\">Una de les grans <a href=\"https:\/\/www.laclauelite.com\/ca\/avantatges-viure-les-afores-barcelona\/\" target=\"_blank\">avantatges de viure als afores de Barcelona<\/a>, \u200b\u200ba m\u00e9s de ser un luxe, \u00e9s el fet de poder gaudir d&#8217;una zona d&#8217;exterior enjardinada particular. Aquesta, a m\u00e9s de disposar d&#8217;una piscina, estany o <a href=\"https:\/\/www.laclauelite.com\/ca\/jacuzzi-exterior-benestar-llar\/\" target=\"_blank\">jacuzzi exterior<\/a>, es pot decorar com un m\u00e9s desitgi per gaudir-la en exclusiva. Per aquesta ra\u00f3, \u00e9s important pensar b\u00e9 com decorar-la i condicionar-la. \u00c9s en aquest punt, llavors, en qu\u00e8 t&#8217;oferim una recomanaci\u00f3 i et mostrem <strong>com dissenyar un jard\u00ed \u00e0rab privat per a la teva llar<\/strong>. Hi ha molts altres estils de jard\u00ed per\u00f2 en aquesta ocasi\u00f3 veurem aquest, que \u00e9s especial i sensorial a parts iguals.<\/p>\n<h2>Com \u00e9s un jard\u00ed \u00e0rab?<\/h2>\n<p style=\"text-align: justify;\">Els <strong>jardins \u00e0rabs<\/strong> s\u00f3n una de les zones m\u00e9s importants per als que viuen l&#8217;islam, ja que el Yanna \u00e9s el parad\u00eds isl\u00e0mic i aquest concepte significa jard\u00ed. Aix\u00ed, podem tenir la certesa que els \u00e0rabs li van donar a les seves zones enjardinades unes caracter\u00edstiques considerades per ells com el millor, obtenint com a resultat un jard\u00ed d&#8217;incre\u00efble bellesa i dissenyat per als sentits. A Espanya. un dels exemples m\u00e9s rellevants, es a troba a l&#8217;Alhambra de Granada.<\/p>\n<p><iframe title=\"Alhambra de  Granada - Edificios, jardines y paisajes\" width=\"1170\" height=\"658\" src=\"https:\/\/www.youtube.com\/embed\/HzF92lfFa50?feature=oembed\" frameborder=\"0\" allow=\"accelerometer; autoplay; clipboard-write; encrypted-media; gyroscope; picture-in-picture\" allowfullscreen><\/iframe><\/p>\n<h2>Com dissenyar un jard\u00ed inspirat en les mil i una nits?<\/h2>\n<p style=\"text-align: justify;\">Vegem quins elements t\u00e9 un jard\u00ed \u00e0rab i com pots dissenyar el teu:<\/p>\n<p style=\"text-align: justify;\"><strong>Inspiraci\u00f3<\/strong><\/p>\n<p style=\"text-align: justify;\">Els jardins \u00e0rabs s&#8217;inspiren en oasi, doncs l&#8217;escassetat d&#8217;aigua i la pr\u00f2pia calor eren acusats en les regions on van comen\u00e7ar a realitzar-se. Aix\u00ed, les zones d&#8217;aigua s\u00f3n indispensables; una caracter\u00edstica pr\u00f2pia d&#8217;aquest tipus de jard\u00ed.<\/p>\n<p style=\"text-align: justify;\"><strong>Zona<\/strong><\/p>\n<p style=\"text-align: justify;\">Aquesta zona enjardinada es pot crear tant en interior com en exterior. El primer cas era el m\u00e9s com\u00fa en l&#8217;\u00e8poca i es requeria (i requerir\u00e1-) d&#8217;enormes patis. Si dissenyes el teu jard\u00ed \u00e0rab en exterior t&#8217;aconsellem que, per mantenir l&#8217;est\u00e8tica d&#8217;aquest tipus de zones, incloguis almenys un mur obert o una paret d&#8217;estuc en els quals s&#8217;incloguin rajoles o motius florals.<\/p>\n<p style=\"text-align: justify;\"><strong>Nivells<\/strong><\/p>\n<p style=\"text-align: justify;\">El disseny dels jardins \u00e0rabs es d\u00f3na per nivells, existint un nivell d&#8217;ombra, un altre de plantes amb flor i, finalment, el nivell de l&#8217;aigua. En general, s\u00f3n zones complexes que deuen tenir una interconnexi\u00f3 perfecta perqu\u00e8 el jard\u00ed funcioni.<\/p>\n<p style=\"text-align: justify;\"><strong>L&#8217;aigua<\/strong><\/p>\n<p style=\"text-align: justify;\">L&#8217;aigua es presenta de maneres diferents en un jard\u00ed \u00e0rab, donant-li la import\u00e0ncia que mereix. S\u00ednies, rampes, fonts i canals alberguen i mouen l&#8217;element de la vida, de purificaci\u00f3 i relaxaci\u00f3.<\/p>\n<p style=\"text-align: justify;\"><strong>Reg<\/strong><\/p>\n<p style=\"text-align: justify;\">Aquestes zones s\u00f3n molt m\u00e9s que un luxe per als sentits. Tamb\u00e9 s\u00f3n importants els horts, que s&#8217;inclouen i s\u00f3n regats, com la resta de plantes, des de s\u00e8quies.<\/p>\n<p style=\"text-align: justify;\"><strong>Parterres<\/strong><\/p>\n<p style=\"text-align: justify;\">S\u00f3n geom\u00e8trics i s&#8217;envolten de murs de contenci\u00f3 i alhora s\u00f3n travessats per petits tubs de fang cuit que es bloquegen amb pedres per controlar el reg en tots els nivells.<\/p>\n<p style=\"text-align: justify;\"><strong>Cer\u00e0mica<\/strong><\/p>\n<p style=\"text-align: justify;\">L&#8217;\u00fas de la cer\u00e0mica \u00e9s molt com\u00fa, instal\u00b7lant-la en arcs, petits murs i canals. \u00c9s bella i multiplica els reflexos.<\/p>\n<p><img fetchpriority=\"high\" decoding=\"async\" class=\"size-full wp-image-6187 aligncenter\" src=\"https:\/\/www.laclauelite.com\/wp-content\/uploads\/2017\/07\/jardi-arab.jpg\" alt=\"Decoraci\u00f3 de jardins \u00e0rabs\" width=\"882\" height=\"441\" srcset=\"https:\/\/www.laclauelite.com\/wp-content\/uploads\/2017\/07\/jardi-arab.jpg 882w, https:\/\/www.laclauelite.com\/wp-content\/uploads\/2017\/07\/jardi-arab-300x150.jpg 300w, https:\/\/www.laclauelite.com\/wp-content\/uploads\/2017\/07\/jardi-arab-768x384.jpg 768w, https:\/\/www.laclauelite.com\/wp-content\/uploads\/2017\/07\/jardi-arab-260x130.jpg 260w, https:\/\/www.laclauelite.com\/wp-content\/uploads\/2017\/07\/jardi-arab-50x25.jpg 50w, https:\/\/www.laclauelite.com\/wp-content\/uploads\/2017\/07\/jardi-arab-576x288.jpg 576w\" sizes=\"(max-width: 882px) 100vw, 882px\" \/><\/p>\n<p style=\"text-align: justify;\"><strong>L&#8217;olor<\/strong><\/p>\n<p style=\"text-align: justify;\">Una altra caracter\u00edstica principal d&#8217;aquest jard\u00ed \u00e9s la seva aroma, que t&#8217;inunda a endinsar-te en ell. Aix\u00f2 s&#8217;aconsegueix seleccionant plantes arom\u00e0tiques, amb flors que tamb\u00e9 ho s\u00f3n. Les m\u00e9s comunes s\u00f3n els arbres de c\u00edtrics, les roses i els gessamins.<\/p>\n<p style=\"text-align: justify;\"><strong>Delimitaci\u00f3<\/strong><\/p>\n<p style=\"text-align: justify;\">Els jardins \u00e0rabs es delimiten amb murs d&#8217;arcs de manera que puguin controlar el pas del vent, amb la intenci\u00f3 que no es modifiqui la temperatura de la zona i, amb aix\u00f2, el seu ambient.<\/p>\n<p style=\"text-align: justify;\">Aquestes s\u00f3n les caracter\u00edstiques a tenir el compte a l&#8217;hora de dissenyar un jard\u00ed \u00e0rab privat per a la teva llar. Si tens algun dubte \u00a1deixal en els comentaris!, t&#8217;ajudarem a tenir una zona enjardinada de somni.<\/p>\n","protected":false},"excerpt":{"rendered":"<p>Una de les grans avantatges de viure als afores de Barcelona, \u200b\u200ba m\u00e9s de ser un luxe, \u00e9s el fet de poder gaudir d&#8217;una zona d&#8217;exterior enjardinada particular. Aquesta, a m\u00e9s de disposar d&#8217;una piscina, estany o jacuzzi exterior, es pot decorar com un m\u00e9s desitgi per gaudir-la en exclusiva. Per aquesta ra\u00f3, \u00e9s important [&hellip;]<\/p>\n","protected":false},"author":3,"featured_media":6186,"comment_status":"open","ping_status":"closed","sticky":false,"template":"","format":"standard","meta":{"footnotes":""},"categories":[77],"tags":[39,79],"yoast_head":"<!-- This site is optimized with the Yoast SEO plugin v21.6 - https:\/\/yoast.com\/wordpress\/plugins\/seo\/ -->\n<title>9 idees per dissenyar un jard\u00ed \u00e0rab a la teva llar<\/title>\n<meta name=\"description\" content=\"Busques idees per decorar el teu jard\u00ed? Et proposem diversos consells per recrear un jard\u00ed \u00e0rab i gaudir de les mil i una nits sense sortir de la teva llar\" \/>\n<meta name=\"robots\" content=\"index, follow, max-snippet:-1, max-image-preview:large, max-video-preview:-1\" \/>\n<link rel=\"canonical\" href=\"https:\/\/www.laclauelite.com\/ca\/dissenya-jardi-arab-llar\/\" \/>\n<meta property=\"og:locale\" content=\"ca_ES\" \/>\n<meta property=\"og:type\" content=\"article\" \/>\n<meta property=\"og:title\" content=\"9 idees per dissenyar un jard\u00ed \u00e0rab a la teva llar\" \/>\n<meta property=\"og:description\" content=\"Busques idees per decorar el teu jard\u00ed? Et proposem diversos consells per recrear un jard\u00ed \u00e0rab i gaudir de les mil i una nits sense sortir de la teva llar\" \/>\n<meta property=\"og:url\" content=\"https:\/\/www.laclauelite.com\/ca\/dissenya-jardi-arab-llar\/\" \/>\n<meta property=\"og:site_name\" content=\"La Clau Elite\" \/>\n<meta property=\"article:published_time\" content=\"2017-07-05T10:33:36+00:00\" \/>\n<meta property=\"og:image\" content=\"https:\/\/www.laclauelite.com\/wp-content\/uploads\/2017\/07\/crear-jardi-arab.jpg\" \/>\n\t<meta property=\"og:image:width\" content=\"736\" \/>\n\t<meta property=\"og:image:height\" content=\"431\" \/>\n\t<meta property=\"og:image:type\" content=\"image\/jpeg\" \/>\n<meta name=\"author\" content=\"La Clau Elite\" \/>\n<meta name=\"twitter:label1\" content=\"Escrit per\" \/>\n\t<meta name=\"twitter:data1\" content=\"La Clau Elite\" \/>\n\t<meta name=\"twitter:label2\" content=\"Temps estimat de lectura\" \/>\n\t<meta name=\"twitter:data2\" content=\"3 minuts\" \/>\n<script type=\"application\/ld+json\" class=\"yoast-schema-graph\">{\"@context\":\"https:\/\/schema.org\",\"@graph\":[{\"@type\":\"WebPage\",\"@id\":\"https:\/\/www.laclauelite.com\/ca\/dissenya-jardi-arab-llar\/\",\"url\":\"https:\/\/www.laclauelite.com\/ca\/dissenya-jardi-arab-llar\/\",\"name\":\"9 idees per dissenyar un jard\u00ed \u00e0rab a la teva llar\",\"isPartOf\":{\"@id\":\"https:\/\/www.laclauelite.com\/#website\"},\"datePublished\":\"2017-07-05T10:33:36+00:00\",\"dateModified\":\"2017-07-05T10:33:36+00:00\",\"author\":{\"@id\":\"https:\/\/www.laclauelite.com\/#\/schema\/person\/9eb35ce7519b3f713921cb1768c312ec\"},\"description\":\"Busques idees per decorar el teu jard\u00ed? Et proposem diversos consells per recrear un jard\u00ed \u00e0rab i gaudir de les mil i una nits sense sortir de la teva llar\",\"breadcrumb\":{\"@id\":\"https:\/\/www.laclauelite.com\/ca\/dissenya-jardi-arab-llar\/#breadcrumb\"},\"inLanguage\":\"ca\",\"potentialAction\":[{\"@type\":\"ReadAction\",\"target\":[\"https:\/\/www.laclauelite.com\/ca\/dissenya-jardi-arab-llar\/\"]}]},{\"@type\":\"BreadcrumbList\",\"@id\":\"https:\/\/www.laclauelite.com\/ca\/dissenya-jardi-arab-llar\/#breadcrumb\",\"itemListElement\":[{\"@type\":\"ListItem\",\"position\":1,\"name\":\"Portada\",\"item\":\"https:\/\/www.laclauelite.com\/\"},{\"@type\":\"ListItem\",\"position\":2,\"name\":\"Dissenya un jard\u00ed \u00e0rab privat a la teva llar\"}]},{\"@type\":\"WebSite\",\"@id\":\"https:\/\/www.laclauelite.com\/#website\",\"url\":\"https:\/\/www.laclauelite.com\/\",\"name\":\"La Clau Elite\",\"description\":\"\",\"potentialAction\":[{\"@type\":\"SearchAction\",\"target\":{\"@type\":\"EntryPoint\",\"urlTemplate\":\"https:\/\/www.laclauelite.com\/?s={search_term_string}\"},\"query-input\":\"required name=search_term_string\"}],\"inLanguage\":\"ca\"},{\"@type\":\"Person\",\"@id\":\"https:\/\/www.laclauelite.com\/#\/schema\/person\/9eb35ce7519b3f713921cb1768c312ec\",\"name\":\"La Clau Elite\",\"image\":{\"@type\":\"ImageObject\",\"inLanguage\":\"ca\",\"@id\":\"https:\/\/www.laclauelite.com\/#\/schema\/person\/image\/\",\"url\":\"https:\/\/secure.gravatar.com\/avatar\/3ee1b6729d630bf103243818b002534e?s=96&d=mm&r=g\",\"contentUrl\":\"https:\/\/secure.gravatar.com\/avatar\/3ee1b6729d630bf103243818b002534e?s=96&d=mm&r=g\",\"caption\":\"La Clau Elite\"}}]}<\/script>\n<!-- \/ Yoast SEO plugin. -->","yoast_head_json":{"title":"9 idees per dissenyar un jard\u00ed \u00e0rab a la teva llar","description":"Busques idees per decorar el teu jard\u00ed? Et proposem diversos consells per recrear un jard\u00ed \u00e0rab i gaudir de les mil i una nits sense sortir de la teva llar","robots":{"index":"index","follow":"follow","max-snippet":"max-snippet:-1","max-image-preview":"max-image-preview:large","max-video-preview":"max-video-preview:-1"},"canonical":"https:\/\/www.laclauelite.com\/ca\/dissenya-jardi-arab-llar\/","og_locale":"ca_ES","og_type":"article","og_title":"9 idees per dissenyar un jard\u00ed \u00e0rab a la teva llar","og_description":"Busques idees per decorar el teu jard\u00ed? Et proposem diversos consells per recrear un jard\u00ed \u00e0rab i gaudir de les mil i una nits sense sortir de la teva llar","og_url":"https:\/\/www.laclauelite.com\/ca\/dissenya-jardi-arab-llar\/","og_site_name":"La Clau Elite","article_published_time":"2017-07-05T10:33:36+00:00","og_image":[{"width":736,"height":431,"url":"https:\/\/www.laclauelite.com\/wp-content\/uploads\/2017\/07\/crear-jardi-arab.jpg","type":"image\/jpeg"}],"author":"La Clau Elite","twitter_misc":{"Escrit per":"La Clau Elite","Temps estimat de lectura":"3 minuts"},"schema":{"@context":"https:\/\/schema.org","@graph":[{"@type":"WebPage","@id":"https:\/\/www.laclauelite.com\/ca\/dissenya-jardi-arab-llar\/","url":"https:\/\/www.laclauelite.com\/ca\/dissenya-jardi-arab-llar\/","name":"9 idees per dissenyar un jard\u00ed \u00e0rab a la teva llar","isPartOf":{"@id":"https:\/\/www.laclauelite.com\/#website"},"datePublished":"2017-07-05T10:33:36+00:00","dateModified":"2017-07-05T10:33:36+00:00","author":{"@id":"https:\/\/www.laclauelite.com\/#\/schema\/person\/9eb35ce7519b3f713921cb1768c312ec"},"description":"Busques idees per decorar el teu jard\u00ed? Et proposem diversos consells per recrear un jard\u00ed \u00e0rab i gaudir de les mil i una nits sense sortir de la teva llar","breadcrumb":{"@id":"https:\/\/www.laclauelite.com\/ca\/dissenya-jardi-arab-llar\/#breadcrumb"},"inLanguage":"ca","potentialAction":[{"@type":"ReadAction","target":["https:\/\/www.laclauelite.com\/ca\/dissenya-jardi-arab-llar\/"]}]},{"@type":"BreadcrumbList","@id":"https:\/\/www.laclauelite.com\/ca\/dissenya-jardi-arab-llar\/#breadcrumb","itemListElement":[{"@type":"ListItem","position":1,"name":"Portada","item":"https:\/\/www.laclauelite.com\/"},{"@type":"ListItem","position":2,"name":"Dissenya un jard\u00ed \u00e0rab privat a la teva llar"}]},{"@type":"WebSite","@id":"https:\/\/www.laclauelite.com\/#website","url":"https:\/\/www.laclauelite.com\/","name":"La Clau Elite","description":"","potentialAction":[{"@type":"SearchAction","target":{"@type":"EntryPoint","urlTemplate":"https:\/\/www.laclauelite.com\/?s={search_term_string}"},"query-input":"required name=search_term_string"}],"inLanguage":"ca"},{"@type":"Person","@id":"https:\/\/www.laclauelite.com\/#\/schema\/person\/9eb35ce7519b3f713921cb1768c312ec","name":"La Clau Elite","image":{"@type":"ImageObject","inLanguage":"ca","@id":"https:\/\/www.laclauelite.com\/#\/schema\/person\/image\/","url":"https:\/\/secure.gravatar.com\/avatar\/3ee1b6729d630bf103243818b002534e?s=96&d=mm&r=g","contentUrl":"https:\/\/secure.gravatar.com\/avatar\/3ee1b6729d630bf103243818b002534e?s=96&d=mm&r=g","caption":"La Clau Elite"}}]}},"_links":{"self":[{"href":"https:\/\/www.laclauelite.com\/ca\/wp-json\/wp\/v2\/posts\/6185"}],"collection":[{"href":"https:\/\/www.laclauelite.com\/ca\/wp-json\/wp\/v2\/posts"}],"about":[{"href":"https:\/\/www.laclauelite.com\/ca\/wp-json\/wp\/v2\/types\/post"}],"author":[{"embeddable":true,"href":"https:\/\/www.laclauelite.com\/ca\/wp-json\/wp\/v2\/users\/3"}],"replies":[{"embeddable":true,"href":"https:\/\/www.laclauelite.com\/ca\/wp-json\/wp\/v2\/comments?post=6185"}],"version-history":[{"count":3,"href":"https:\/\/www.laclauelite.com\/ca\/wp-json\/wp\/v2\/posts\/6185\/revisions"}],"predecessor-version":[{"id":6190,"href":"https:\/\/www.laclauelite.com\/ca\/wp-json\/wp\/v2\/posts\/6185\/revisions\/6190"}],"wp:featuredmedia":[{"embeddable":true,"href":"https:\/\/www.laclauelite.com\/ca\/wp-json\/wp\/v2\/media\/6186"}],"wp:attachment":[{"href":"https:\/\/www.laclauelite.com\/ca\/wp-json\/wp\/v2\/media?parent=6185"}],"wp:term":[{"taxonomy":"category","embeddable":true,"href":"https:\/\/www.laclauelite.com\/ca\/wp-json\/wp\/v2\/categories?post=6185"},{"taxonomy":"post_tag","embeddable":true,"href":"https:\/\/www.laclauelite.com\/ca\/wp-json\/wp\/v2\/tags?post=6185"}],"curies":[{"name":"wp","href":"https:\/\/api.w.org\/{rel}","templated":true}]}}