{"id":6264,"date":"2017-08-08T09:00:16","date_gmt":"2017-08-08T09:00:16","guid":{"rendered":"https:\/\/www.laclauelite.com\/?p=6264"},"modified":"2017-07-25T10:16:42","modified_gmt":"2017-07-25T10:16:42","slug":"lloguer-vacances-espanya","status":"publish","type":"post","link":"https:\/\/www.laclauelite.com\/ca\/lloguer-vacances-espanya\/","title":{"rendered":"Lloguer de vacances a Espanya: exclusivitat amb totes les comoditats"},"content":{"rendered":"<p>Espanya \u00e9s un principal destinaci\u00f3 tur\u00edstica a nivell europeu. El nostre pa\u00eds t\u00e9 molt a oferir i s\u00f3n molts els turistes que aprofiten els mesos d&#8217;estiu per gaudir de les seves costes, les seves muntanyes, els seus paratges naturals, la seva riquesa cultural i social i molt\u00edssimes coses m\u00e9s. El lloguer de vacances a Espanya \u00e9s un negoci que es recolza per m\u00e8rits propis. En l&#8217;article d&#8217;avui t&#8217;expliquem quins s\u00f3n els beneficis de llogar una propietat a casa nostra, durant els teus dies de descans.<\/p>\n<h2>Lloguer de vacances a Espanya a nivell general<\/h2>\n<p style=\"text-align: justify;\">Com acabem d&#8217;avan\u00e7ar, Espanya \u00e9s un pa\u00eds que ofereix molt\u00edssim al turista. Per\u00f2 no nom\u00e9s \u00e9s un pa\u00eds per a estrangers; el turisme nacional augmenta cada any, una cosa que a nosaltres ens encanta, ja que \u00e9s important sentir inter\u00e8s tant pel que passa fora com per el mateix.<\/p>\n<p style=\"text-align: justify;\">Tot el nostre pa\u00eds pot resultar d&#8217;inter\u00e8s. No obstant aix\u00f2, per tots \u00e9s sabut que hi ha comunitats molt m\u00e9s sol\u00b7licitades que altres durant el per\u00edode vacacional. Andalusia, les illes i la costa Mediterr\u00e0nia, especialment<strong> la Comunitat Valenciana i Catalunya, s\u00f3n les destinacions m\u00e9s sol\u00b7licitades<\/strong>, i amb ra\u00f3.<\/p>\n<p style=\"text-align: justify;\">Un nivell de vida, en general, m\u00e9s baix que a l&#8217;estranger, platges destacades de tot Europa, vedats amb esp\u00e8cies animals protegides, climes suaus, festa nocturna, una cultura gastron\u00f2mica sense precedents, espais exclusius on el luxe no t\u00e9 l\u00edmits i una riquesa cultural m\u00e9s que destacable s\u00f3n alguns dels aspectes que t&#8217;ofereixen aquestes comunitats. Tot aix\u00f2 \u00e9s el que gaudeixes recorrent al lloguer de vacances a Espanya.<\/p>\n<p style=\"text-align: justify;\"><img fetchpriority=\"high\" decoding=\"async\" class=\"size-full wp-image-6267 aligncenter\" src=\"https:\/\/www.laclauelite.com\/wp-content\/uploads\/2017\/07\/lloguer-vacances-sitges.jpg\" alt=\"coneix els avantatges del lloguer de vacances a sitges\" width=\"882\" height=\"441\" srcset=\"https:\/\/www.laclauelite.com\/wp-content\/uploads\/2017\/07\/lloguer-vacances-sitges.jpg 882w, https:\/\/www.laclauelite.com\/wp-content\/uploads\/2017\/07\/lloguer-vacances-sitges-300x150.jpg 300w, https:\/\/www.laclauelite.com\/wp-content\/uploads\/2017\/07\/lloguer-vacances-sitges-768x384.jpg 768w, https:\/\/www.laclauelite.com\/wp-content\/uploads\/2017\/07\/lloguer-vacances-sitges-260x130.jpg 260w, https:\/\/www.laclauelite.com\/wp-content\/uploads\/2017\/07\/lloguer-vacances-sitges-50x25.jpg 50w, https:\/\/www.laclauelite.com\/wp-content\/uploads\/2017\/07\/lloguer-vacances-sitges-576x288.jpg 576w\" sizes=\"(max-width: 882px) 100vw, 882px\" \/><\/p>\n<h3>Catalunya: cultura, luxe i esplai<\/h3>\n<p style=\"text-align: justify;\">Catalunya \u00e9s una comunitat coneguda i preuada del pa\u00eds, si b\u00e9, la costa barcelonina \u00e9s, amb difer\u00e8ncia, la m\u00e9s sol\u00b7licitada en totes les seves possibilitats. <strong><a href=\"https:\/\/www.laclauelite.com\/ca\/llogar-xalet-sitges-comoditat\/\" target=\"_blank\">Llogar un xalet a Sitges<\/a> significa gaudir de l&#8217;exclusivitat de zones ja no residencials sin\u00f3 completament privades<\/strong>, tens molt a prop platja i muntanya, \u00e9s una ciutat on se celebren actes i esdeveniments cinematogr\u00e0fics i esportius, et permet realitzar precioses rutes amb cotxe &#8230;<\/p>\n<p style=\"text-align: justify;\">En el teu xalet de lloguer tens un lloc <strong>d&#8217;esplai exclusiu amb tots els luxes i comoditats<\/strong>. I si vols una mica de moviment no tens m\u00e9s que apropar-te a la capital, on et trobar\u00e0s amb <strong>una oferta cultural envejable<\/strong> i una riquesa tur\u00edstica del millor del pa\u00eds. Aix\u00ed mateix, podr\u00e0s gaudir d&#8217;una gastronomia completa i exquisida i fins i tot gaudir de la nit de la ciutat, coneguda arreu del pa\u00eds.<\/p>\n<p style=\"text-align: justify;\">No obstant aix\u00f2, s\u00f3n molts els pobles que t&#8217;ofereixen tranquil\u00b7litat, exclusivitat i tota classe de luxes i comoditats. T&#8217;hem aconsellat Sitges per\u00f2 llocs com Calafell, Olivella, Vilanova i la Geltr\u00fa, Sant Pere de Ribes o Vilafranca del Pened\u00e8s s\u00f3n ideals per gaudir de les millors propietats de lloguer de vacances a Espanya i, per qu\u00e8 no? per adquirir un habitatge i tenir-la com a segona resid\u00e8ncia per a desconnectar quan vulguis.<\/p>\n<p style=\"text-align: justify;\">Com veus, el lloguer de vacances en diferents ciutats espanyoles \u00e9s un luxe que val la pena gaudir. T&#8217;ajudem a aix\u00f2? Fes <a href=\"https:\/\/www.laclauelite.com\/ca\/serveis\/lloguer-vacacional-a-sitges\/\" target=\"_blank\">clic aqu\u00ed<\/a> per veure m\u00e9s informaci\u00f3 sobre el nostre servei.<\/p>\n<p><iframe src=\"https:\/\/www.youtube.com\/embed\/gnoBhcCClPs\" width=\"882\" height=\"400\" frameborder=\"0\" allowfullscreen=\"allowfullscreen\"><\/iframe><\/p>\n","protected":false},"excerpt":{"rendered":"<p>Espanya \u00e9s un principal destinaci\u00f3 tur\u00edstica a nivell europeu. El nostre pa\u00eds t\u00e9 molt a oferir i s\u00f3n molts els turistes que aprofiten els mesos d&#8217;estiu per gaudir de les seves costes, les seves muntanyes, els seus paratges naturals, la seva riquesa cultural i social i molt\u00edssimes coses m\u00e9s. El lloguer de vacances a Espanya [&hellip;]<\/p>\n","protected":false},"author":3,"featured_media":6266,"comment_status":"open","ping_status":"closed","sticky":false,"template":"","format":"standard","meta":{"footnotes":""},"categories":[27],"tags":[87,53],"yoast_head":"<!-- This site is optimized with the Yoast SEO plugin v21.6 - https:\/\/yoast.com\/wordpress\/plugins\/seo\/ -->\n<title>Lloguer de vacances: exclusivitat amb totes les comoditats<\/title>\n<meta name=\"description\" content=\"Per les vacances, hotel o vila privada? t&#039;expliquem per qu\u00e8 el lloguer de vacances s&#039;ha convertit en un dels serveis m\u00e9s demandats...\" \/>\n<meta name=\"robots\" content=\"index, follow, max-snippet:-1, max-image-preview:large, max-video-preview:-1\" \/>\n<link rel=\"canonical\" href=\"https:\/\/www.laclauelite.com\/ca\/lloguer-vacances-espanya\/\" \/>\n<meta property=\"og:locale\" content=\"ca_ES\" \/>\n<meta property=\"og:type\" content=\"article\" \/>\n<meta property=\"og:title\" content=\"Lloguer de vacances: exclusivitat amb totes les comoditats\" \/>\n<meta property=\"og:description\" content=\"Per les vacances, hotel o vila privada? t&#039;expliquem per qu\u00e8 el lloguer de vacances s&#039;ha convertit en un dels serveis m\u00e9s demandats...\" \/>\n<meta property=\"og:url\" content=\"https:\/\/www.laclauelite.com\/ca\/lloguer-vacances-espanya\/\" \/>\n<meta property=\"og:site_name\" content=\"La Clau Elite\" \/>\n<meta property=\"article:published_time\" content=\"2017-08-08T09:00:16+00:00\" \/>\n<meta property=\"article:modified_time\" content=\"2017-07-25T10:16:42+00:00\" \/>\n<meta property=\"og:image\" content=\"https:\/\/www.laclauelite.com\/wp-content\/uploads\/2017\/07\/lloguer-vacances.jpg\" \/>\n\t<meta property=\"og:image:width\" content=\"736\" \/>\n\t<meta property=\"og:image:height\" content=\"431\" \/>\n\t<meta property=\"og:image:type\" content=\"image\/jpeg\" \/>\n<meta name=\"author\" content=\"La Clau Elite\" \/>\n<meta name=\"twitter:label1\" content=\"Escrit per\" \/>\n\t<meta name=\"twitter:data1\" content=\"La Clau Elite\" \/>\n\t<meta name=\"twitter:label2\" content=\"Temps estimat de lectura\" \/>\n\t<meta name=\"twitter:data2\" content=\"3 minuts\" \/>\n<script type=\"application\/ld+json\" class=\"yoast-schema-graph\">{\"@context\":\"https:\/\/schema.org\",\"@graph\":[{\"@type\":\"WebPage\",\"@id\":\"https:\/\/www.laclauelite.com\/ca\/lloguer-vacances-espanya\/\",\"url\":\"https:\/\/www.laclauelite.com\/ca\/lloguer-vacances-espanya\/\",\"name\":\"Lloguer de vacances: exclusivitat amb totes les comoditats\",\"isPartOf\":{\"@id\":\"https:\/\/www.laclauelite.com\/#website\"},\"datePublished\":\"2017-08-08T09:00:16+00:00\",\"dateModified\":\"2017-07-25T10:16:42+00:00\",\"author\":{\"@id\":\"https:\/\/www.laclauelite.com\/#\/schema\/person\/9eb35ce7519b3f713921cb1768c312ec\"},\"description\":\"Per les vacances, hotel o vila privada? t'expliquem per qu\u00e8 el lloguer de vacances s'ha convertit en un dels serveis m\u00e9s demandats...\",\"breadcrumb\":{\"@id\":\"https:\/\/www.laclauelite.com\/ca\/lloguer-vacances-espanya\/#breadcrumb\"},\"inLanguage\":\"ca\",\"potentialAction\":[{\"@type\":\"ReadAction\",\"target\":[\"https:\/\/www.laclauelite.com\/ca\/lloguer-vacances-espanya\/\"]}]},{\"@type\":\"BreadcrumbList\",\"@id\":\"https:\/\/www.laclauelite.com\/ca\/lloguer-vacances-espanya\/#breadcrumb\",\"itemListElement\":[{\"@type\":\"ListItem\",\"position\":1,\"name\":\"Portada\",\"item\":\"https:\/\/www.laclauelite.com\/\"},{\"@type\":\"ListItem\",\"position\":2,\"name\":\"Lloguer de vacances a Espanya: exclusivitat amb totes les comoditats\"}]},{\"@type\":\"WebSite\",\"@id\":\"https:\/\/www.laclauelite.com\/#website\",\"url\":\"https:\/\/www.laclauelite.com\/\",\"name\":\"La Clau Elite\",\"description\":\"\",\"potentialAction\":[{\"@type\":\"SearchAction\",\"target\":{\"@type\":\"EntryPoint\",\"urlTemplate\":\"https:\/\/www.laclauelite.com\/?s={search_term_string}\"},\"query-input\":\"required name=search_term_string\"}],\"inLanguage\":\"ca\"},{\"@type\":\"Person\",\"@id\":\"https:\/\/www.laclauelite.com\/#\/schema\/person\/9eb35ce7519b3f713921cb1768c312ec\",\"name\":\"La Clau Elite\",\"image\":{\"@type\":\"ImageObject\",\"inLanguage\":\"ca\",\"@id\":\"https:\/\/www.laclauelite.com\/#\/schema\/person\/image\/\",\"url\":\"https:\/\/secure.gravatar.com\/avatar\/3ee1b6729d630bf103243818b002534e?s=96&d=mm&r=g\",\"contentUrl\":\"https:\/\/secure.gravatar.com\/avatar\/3ee1b6729d630bf103243818b002534e?s=96&d=mm&r=g\",\"caption\":\"La Clau Elite\"}}]}<\/script>\n<!-- \/ Yoast SEO plugin. -->","yoast_head_json":{"title":"Lloguer de vacances: exclusivitat amb totes les comoditats","description":"Per les vacances, hotel o vila privada? t'expliquem per qu\u00e8 el lloguer de vacances s'ha convertit en un dels serveis m\u00e9s demandats...","robots":{"index":"index","follow":"follow","max-snippet":"max-snippet:-1","max-image-preview":"max-image-preview:large","max-video-preview":"max-video-preview:-1"},"canonical":"https:\/\/www.laclauelite.com\/ca\/lloguer-vacances-espanya\/","og_locale":"ca_ES","og_type":"article","og_title":"Lloguer de vacances: exclusivitat amb totes les comoditats","og_description":"Per les vacances, hotel o vila privada? t'expliquem per qu\u00e8 el lloguer de vacances s'ha convertit en un dels serveis m\u00e9s demandats...","og_url":"https:\/\/www.laclauelite.com\/ca\/lloguer-vacances-espanya\/","og_site_name":"La Clau Elite","article_published_time":"2017-08-08T09:00:16+00:00","article_modified_time":"2017-07-25T10:16:42+00:00","og_image":[{"width":736,"height":431,"url":"https:\/\/www.laclauelite.com\/wp-content\/uploads\/2017\/07\/lloguer-vacances.jpg","type":"image\/jpeg"}],"author":"La Clau Elite","twitter_misc":{"Escrit per":"La Clau Elite","Temps estimat de lectura":"3 minuts"},"schema":{"@context":"https:\/\/schema.org","@graph":[{"@type":"WebPage","@id":"https:\/\/www.laclauelite.com\/ca\/lloguer-vacances-espanya\/","url":"https:\/\/www.laclauelite.com\/ca\/lloguer-vacances-espanya\/","name":"Lloguer de vacances: exclusivitat amb totes les comoditats","isPartOf":{"@id":"https:\/\/www.laclauelite.com\/#website"},"datePublished":"2017-08-08T09:00:16+00:00","dateModified":"2017-07-25T10:16:42+00:00","author":{"@id":"https:\/\/www.laclauelite.com\/#\/schema\/person\/9eb35ce7519b3f713921cb1768c312ec"},"description":"Per les vacances, hotel o vila privada? t'expliquem per qu\u00e8 el lloguer de vacances s'ha convertit en un dels serveis m\u00e9s demandats...","breadcrumb":{"@id":"https:\/\/www.laclauelite.com\/ca\/lloguer-vacances-espanya\/#breadcrumb"},"inLanguage":"ca","potentialAction":[{"@type":"ReadAction","target":["https:\/\/www.laclauelite.com\/ca\/lloguer-vacances-espanya\/"]}]},{"@type":"BreadcrumbList","@id":"https:\/\/www.laclauelite.com\/ca\/lloguer-vacances-espanya\/#breadcrumb","itemListElement":[{"@type":"ListItem","position":1,"name":"Portada","item":"https:\/\/www.laclauelite.com\/"},{"@type":"ListItem","position":2,"name":"Lloguer de vacances a Espanya: exclusivitat amb totes les comoditats"}]},{"@type":"WebSite","@id":"https:\/\/www.laclauelite.com\/#website","url":"https:\/\/www.laclauelite.com\/","name":"La Clau Elite","description":"","potentialAction":[{"@type":"SearchAction","target":{"@type":"EntryPoint","urlTemplate":"https:\/\/www.laclauelite.com\/?s={search_term_string}"},"query-input":"required name=search_term_string"}],"inLanguage":"ca"},{"@type":"Person","@id":"https:\/\/www.laclauelite.com\/#\/schema\/person\/9eb35ce7519b3f713921cb1768c312ec","name":"La Clau Elite","image":{"@type":"ImageObject","inLanguage":"ca","@id":"https:\/\/www.laclauelite.com\/#\/schema\/person\/image\/","url":"https:\/\/secure.gravatar.com\/avatar\/3ee1b6729d630bf103243818b002534e?s=96&d=mm&r=g","contentUrl":"https:\/\/secure.gravatar.com\/avatar\/3ee1b6729d630bf103243818b002534e?s=96&d=mm&r=g","caption":"La Clau Elite"}}]}},"_links":{"self":[{"href":"https:\/\/www.laclauelite.com\/ca\/wp-json\/wp\/v2\/posts\/6264"}],"collection":[{"href":"https:\/\/www.laclauelite.com\/ca\/wp-json\/wp\/v2\/posts"}],"about":[{"href":"https:\/\/www.laclauelite.com\/ca\/wp-json\/wp\/v2\/types\/post"}],"author":[{"embeddable":true,"href":"https:\/\/www.laclauelite.com\/ca\/wp-json\/wp\/v2\/users\/3"}],"replies":[{"embeddable":true,"href":"https:\/\/www.laclauelite.com\/ca\/wp-json\/wp\/v2\/comments?post=6264"}],"version-history":[{"count":2,"href":"https:\/\/www.laclauelite.com\/ca\/wp-json\/wp\/v2\/posts\/6264\/revisions"}],"predecessor-version":[{"id":6268,"href":"https:\/\/www.laclauelite.com\/ca\/wp-json\/wp\/v2\/posts\/6264\/revisions\/6268"}],"wp:featuredmedia":[{"embeddable":true,"href":"https:\/\/www.laclauelite.com\/ca\/wp-json\/wp\/v2\/media\/6266"}],"wp:attachment":[{"href":"https:\/\/www.laclauelite.com\/ca\/wp-json\/wp\/v2\/media?parent=6264"}],"wp:term":[{"taxonomy":"category","embeddable":true,"href":"https:\/\/www.laclauelite.com\/ca\/wp-json\/wp\/v2\/categories?post=6264"},{"taxonomy":"post_tag","embeddable":true,"href":"https:\/\/www.laclauelite.com\/ca\/wp-json\/wp\/v2\/tags?post=6264"}],"curies":[{"name":"wp","href":"https:\/\/api.w.org\/{rel}","templated":true}]}}