{"id":855,"date":"2014-07-23T23:39:06","date_gmt":"2014-07-23T23:39:06","guid":{"rendered":"https:\/\/www.laclauelite.com\/apertura-oficina-rentseason-andorra-2\/"},"modified":"2016-07-28T16:16:09","modified_gmt":"2016-07-28T16:16:09","slug":"obertura-oficina-rentseason-andorra","status":"publish","type":"post","link":"https:\/\/www.laclauelite.com\/ca\/obertura-oficina-rentseason-andorra\/","title":{"rendered":"Propera obertura de punt de venda Rentseason a Andorra"},"content":{"rendered":"<p style=\"text-align: justify;\">Ens complau anunciar-los que, despr\u00e9s de l&#8217;\u00e8xit de RENTSEASON, el departament de LA CLAU GROUP especialitzat de lloguer de temporada a la zona de Sitges, vam ampliar la nostra oferta amb la propera obertura d&#8217;una nova oficina a Andorra, concretament al carrer Maria Pla n\u00famero 22 d&#8217;Andorra la Vella.<\/p>\n<p style=\"text-align: justify;\">Aix\u00ed doncs, en breu disposarem en la nostra plataforma en l\u00ednia per al lloguer de vacances <a title=\"Lloguer: cases rurals, apartaments, xalets, ...\" href=\"http:\/\/www.rentseason.com\/?Idioma=CA\" target=\"_blank\">www.rentseason.com<\/a> d&#8217;una \u00e0mplia oferta de cases i apartaments molt a prop de les estacions d&#8217;esqu\u00ed i altres atractius que ofereix la zona pirinenca, a m\u00e9s de la ja coneguda i reeixida oferta de vacances de Sitges, amb tots els seus esdeveniments locals d&#8217;abast internacional, les seves platges i la seva bellesa mediterr\u00e0nia.<\/p>\n<p style=\"text-align: justify;\">Com ja sabran, tenir una propietat en una localitat tur\u00edstica com Sitges o Andorra \u00e9s, sens dubte, una oportunitat de negoci. Cada vegada s\u00f3n m\u00e9s les fam\u00edlies que obtenen uns diners extres llogant la seva segona resid\u00e8ncia, fins i tot el seu habitatge habitual, durant les vacances i caps de setmana. Amb RentSeason no haur\u00e0 de preocupar per res, nosaltres farem tots els tr\u00e0mits necessaris i ens ocuparem de tot perqu\u00e8 el turista gaudeixi de la seva estada aix\u00ed com perqu\u00e8 el propietari obtingui un bon rendiment de la seva propietat amb total tranquil \u00b7 litat.<\/p>\n<blockquote><p>Si desitja rebre m\u00e9s informaci\u00f3, no dubti en contactar amb nosaltres: +34938112092 i +34938110104<\/p><\/blockquote>\n","protected":false},"excerpt":{"rendered":"<p>Ens complau anunciar-los que, despr\u00e9s de l&#8217;\u00e8xit de RENTSEASON, el departament de LA CLAU GROUP especialitzat de lloguer de temporada a la zona de Sitges, vam ampliar la nostra oferta amb la propera obertura d&#8217;una nova oficina a Andorra, concretament al carrer Maria Pla n\u00famero 22 d&#8217;Andorra la Vella. Aix\u00ed doncs, en breu disposarem en [&hellip;]<\/p>\n","protected":false},"author":1,"featured_media":5606,"comment_status":"open","ping_status":"closed","sticky":false,"template":"","format":"standard","meta":{"footnotes":""},"categories":[13],"tags":[],"yoast_head":"<!-- This site is optimized with the Yoast SEO plugin v21.6 - https:\/\/yoast.com\/wordpress\/plugins\/seo\/ -->\n<title>Propera obertura de punt de venda Rentseason a Andorra - La Clau Elite<\/title>\n<meta name=\"robots\" content=\"index, follow, max-snippet:-1, max-image-preview:large, max-video-preview:-1\" \/>\n<link rel=\"canonical\" href=\"https:\/\/www.laclauelite.com\/ca\/obertura-oficina-rentseason-andorra\/\" \/>\n<meta property=\"og:locale\" content=\"ca_ES\" \/>\n<meta property=\"og:type\" content=\"article\" \/>\n<meta property=\"og:title\" content=\"Propera obertura de punt de venda Rentseason a Andorra - La Clau Elite\" \/>\n<meta property=\"og:description\" content=\"Ens complau anunciar-los que, despr\u00e9s de l&#8217;\u00e8xit de RENTSEASON, el departament de LA CLAU GROUP especialitzat de lloguer de temporada a la zona de Sitges, vam ampliar la nostra oferta amb la propera obertura d&#8217;una nova oficina a Andorra, concretament al carrer Maria Pla n\u00famero 22 d&#8217;Andorra la Vella. Aix\u00ed doncs, en breu disposarem en [&hellip;]\" \/>\n<meta property=\"og:url\" content=\"https:\/\/www.laclauelite.com\/ca\/obertura-oficina-rentseason-andorra\/\" \/>\n<meta property=\"og:site_name\" content=\"La Clau Elite\" \/>\n<meta property=\"article:published_time\" content=\"2014-07-23T23:39:06+00:00\" \/>\n<meta property=\"article:modified_time\" content=\"2016-07-28T16:16:09+00:00\" \/>\n<meta property=\"og:image\" content=\"https:\/\/www.laclauelite.com\/wp-content\/uploads\/2014\/07\/rentseason-4.jpg\" \/>\n\t<meta property=\"og:image:width\" content=\"880\" \/>\n\t<meta property=\"og:image:height\" content=\"822\" \/>\n\t<meta property=\"og:image:type\" content=\"image\/jpeg\" \/>\n<meta name=\"author\" content=\"La Clau Elite\" \/>\n<meta name=\"twitter:label1\" content=\"Escrit per\" \/>\n\t<meta name=\"twitter:data1\" content=\"La Clau Elite\" \/>\n\t<meta name=\"twitter:label2\" content=\"Temps estimat de lectura\" \/>\n\t<meta name=\"twitter:data2\" content=\"1 minut\" \/>\n<script type=\"application\/ld+json\" class=\"yoast-schema-graph\">{\"@context\":\"https:\/\/schema.org\",\"@graph\":[{\"@type\":\"WebPage\",\"@id\":\"https:\/\/www.laclauelite.com\/ca\/obertura-oficina-rentseason-andorra\/\",\"url\":\"https:\/\/www.laclauelite.com\/ca\/obertura-oficina-rentseason-andorra\/\",\"name\":\"Propera obertura de punt de venda Rentseason a Andorra - La Clau Elite\",\"isPartOf\":{\"@id\":\"https:\/\/www.laclauelite.com\/#website\"},\"datePublished\":\"2014-07-23T23:39:06+00:00\",\"dateModified\":\"2016-07-28T16:16:09+00:00\",\"author\":{\"@id\":\"https:\/\/www.laclauelite.com\/#\/schema\/person\/6a3317a0b8ae1e21ed17a697925a05fa\"},\"breadcrumb\":{\"@id\":\"https:\/\/www.laclauelite.com\/ca\/obertura-oficina-rentseason-andorra\/#breadcrumb\"},\"inLanguage\":\"ca\",\"potentialAction\":[{\"@type\":\"ReadAction\",\"target\":[\"https:\/\/www.laclauelite.com\/ca\/obertura-oficina-rentseason-andorra\/\"]}]},{\"@type\":\"BreadcrumbList\",\"@id\":\"https:\/\/www.laclauelite.com\/ca\/obertura-oficina-rentseason-andorra\/#breadcrumb\",\"itemListElement\":[{\"@type\":\"ListItem\",\"position\":1,\"name\":\"Portada\",\"item\":\"https:\/\/www.laclauelite.com\/\"},{\"@type\":\"ListItem\",\"position\":2,\"name\":\"Propera obertura de punt de venda Rentseason a Andorra\"}]},{\"@type\":\"WebSite\",\"@id\":\"https:\/\/www.laclauelite.com\/#website\",\"url\":\"https:\/\/www.laclauelite.com\/\",\"name\":\"La Clau Elite\",\"description\":\"\",\"potentialAction\":[{\"@type\":\"SearchAction\",\"target\":{\"@type\":\"EntryPoint\",\"urlTemplate\":\"https:\/\/www.laclauelite.com\/?s={search_term_string}\"},\"query-input\":\"required name=search_term_string\"}],\"inLanguage\":\"ca\"},{\"@type\":\"Person\",\"@id\":\"https:\/\/www.laclauelite.com\/#\/schema\/person\/6a3317a0b8ae1e21ed17a697925a05fa\",\"name\":\"La Clau Elite\",\"image\":{\"@type\":\"ImageObject\",\"inLanguage\":\"ca\",\"@id\":\"https:\/\/www.laclauelite.com\/#\/schema\/person\/image\/\",\"url\":\"https:\/\/secure.gravatar.com\/avatar\/22fc9fa5b38e2d8439ce82eabb2de101?s=96&d=mm&r=g\",\"contentUrl\":\"https:\/\/secure.gravatar.com\/avatar\/22fc9fa5b38e2d8439ce82eabb2de101?s=96&d=mm&r=g\",\"caption\":\"La Clau Elite\"}}]}<\/script>\n<!-- \/ Yoast SEO plugin. -->","yoast_head_json":{"title":"Propera obertura de punt de venda Rentseason a Andorra - La Clau Elite","robots":{"index":"index","follow":"follow","max-snippet":"max-snippet:-1","max-image-preview":"max-image-preview:large","max-video-preview":"max-video-preview:-1"},"canonical":"https:\/\/www.laclauelite.com\/ca\/obertura-oficina-rentseason-andorra\/","og_locale":"ca_ES","og_type":"article","og_title":"Propera obertura de punt de venda Rentseason a Andorra - La Clau Elite","og_description":"Ens complau anunciar-los que, despr\u00e9s de l&#8217;\u00e8xit de RENTSEASON, el departament de LA CLAU GROUP especialitzat de lloguer de temporada a la zona de Sitges, vam ampliar la nostra oferta amb la propera obertura d&#8217;una nova oficina a Andorra, concretament al carrer Maria Pla n\u00famero 22 d&#8217;Andorra la Vella. Aix\u00ed doncs, en breu disposarem en [&hellip;]","og_url":"https:\/\/www.laclauelite.com\/ca\/obertura-oficina-rentseason-andorra\/","og_site_name":"La Clau Elite","article_published_time":"2014-07-23T23:39:06+00:00","article_modified_time":"2016-07-28T16:16:09+00:00","og_image":[{"width":880,"height":822,"url":"https:\/\/www.laclauelite.com\/wp-content\/uploads\/2014\/07\/rentseason-4.jpg","type":"image\/jpeg"}],"author":"La Clau Elite","twitter_misc":{"Escrit per":"La Clau Elite","Temps estimat de lectura":"1 minut"},"schema":{"@context":"https:\/\/schema.org","@graph":[{"@type":"WebPage","@id":"https:\/\/www.laclauelite.com\/ca\/obertura-oficina-rentseason-andorra\/","url":"https:\/\/www.laclauelite.com\/ca\/obertura-oficina-rentseason-andorra\/","name":"Propera obertura de punt de venda Rentseason a Andorra - La Clau Elite","isPartOf":{"@id":"https:\/\/www.laclauelite.com\/#website"},"datePublished":"2014-07-23T23:39:06+00:00","dateModified":"2016-07-28T16:16:09+00:00","author":{"@id":"https:\/\/www.laclauelite.com\/#\/schema\/person\/6a3317a0b8ae1e21ed17a697925a05fa"},"breadcrumb":{"@id":"https:\/\/www.laclauelite.com\/ca\/obertura-oficina-rentseason-andorra\/#breadcrumb"},"inLanguage":"ca","potentialAction":[{"@type":"ReadAction","target":["https:\/\/www.laclauelite.com\/ca\/obertura-oficina-rentseason-andorra\/"]}]},{"@type":"BreadcrumbList","@id":"https:\/\/www.laclauelite.com\/ca\/obertura-oficina-rentseason-andorra\/#breadcrumb","itemListElement":[{"@type":"ListItem","position":1,"name":"Portada","item":"https:\/\/www.laclauelite.com\/"},{"@type":"ListItem","position":2,"name":"Propera obertura de punt de venda Rentseason a Andorra"}]},{"@type":"WebSite","@id":"https:\/\/www.laclauelite.com\/#website","url":"https:\/\/www.laclauelite.com\/","name":"La Clau Elite","description":"","potentialAction":[{"@type":"SearchAction","target":{"@type":"EntryPoint","urlTemplate":"https:\/\/www.laclauelite.com\/?s={search_term_string}"},"query-input":"required name=search_term_string"}],"inLanguage":"ca"},{"@type":"Person","@id":"https:\/\/www.laclauelite.com\/#\/schema\/person\/6a3317a0b8ae1e21ed17a697925a05fa","name":"La Clau Elite","image":{"@type":"ImageObject","inLanguage":"ca","@id":"https:\/\/www.laclauelite.com\/#\/schema\/person\/image\/","url":"https:\/\/secure.gravatar.com\/avatar\/22fc9fa5b38e2d8439ce82eabb2de101?s=96&d=mm&r=g","contentUrl":"https:\/\/secure.gravatar.com\/avatar\/22fc9fa5b38e2d8439ce82eabb2de101?s=96&d=mm&r=g","caption":"La Clau Elite"}}]}},"_links":{"self":[{"href":"https:\/\/www.laclauelite.com\/ca\/wp-json\/wp\/v2\/posts\/855"}],"collection":[{"href":"https:\/\/www.laclauelite.com\/ca\/wp-json\/wp\/v2\/posts"}],"about":[{"href":"https:\/\/www.laclauelite.com\/ca\/wp-json\/wp\/v2\/types\/post"}],"author":[{"embeddable":true,"href":"https:\/\/www.laclauelite.com\/ca\/wp-json\/wp\/v2\/users\/1"}],"replies":[{"embeddable":true,"href":"https:\/\/www.laclauelite.com\/ca\/wp-json\/wp\/v2\/comments?post=855"}],"version-history":[{"count":6,"href":"https:\/\/www.laclauelite.com\/ca\/wp-json\/wp\/v2\/posts\/855\/revisions"}],"predecessor-version":[{"id":917,"href":"https:\/\/www.laclauelite.com\/ca\/wp-json\/wp\/v2\/posts\/855\/revisions\/917"}],"wp:featuredmedia":[{"embeddable":true,"href":"https:\/\/www.laclauelite.com\/ca\/wp-json\/wp\/v2\/media\/5606"}],"wp:attachment":[{"href":"https:\/\/www.laclauelite.com\/ca\/wp-json\/wp\/v2\/media?parent=855"}],"wp:term":[{"taxonomy":"category","embeddable":true,"href":"https:\/\/www.laclauelite.com\/ca\/wp-json\/wp\/v2\/categories?post=855"},{"taxonomy":"post_tag","embeddable":true,"href":"https:\/\/www.laclauelite.com\/ca\/wp-json\/wp\/v2\/tags?post=855"}],"curies":[{"name":"wp","href":"https:\/\/api.w.org\/{rel}","templated":true}]}}