{"id":953805,"date":"2025-07-28T09:49:36","date_gmt":"2025-07-28T09:49:36","guid":{"rendered":"https:\/\/www.laclauelite.com\/?p=953805"},"modified":"2025-07-28T09:49:36","modified_gmt":"2025-07-28T09:49:36","slug":"agost-a-sitges-lestiu-es-viu-en-majuscules","status":"publish","type":"post","link":"https:\/\/www.laclauelite.com\/ca\/agost-a-sitges-lestiu-es-viu-en-majuscules\/","title":{"rendered":"AGOST A SITGES: L\u2019ESTIU ES VIU EN MAJ\u00daSCULES"},"content":{"rendered":"<p data-start=\"200\" data-end=\"625\">Agost \u00e9s el cor que batega amb m\u00e9s for\u00e7a durant l\u2019estiu a Sitges. Els carrers s\u2019omplen de vida, les nits s\u2019allarguen i el Mediterrani ofereix la seva versi\u00f3 m\u00e9s c\u00e0lida i resplendent. Per a aquells que coneixen aquesta joia de la costa catalana, no hi ha un mes m\u00e9s vibrant, sofisticat i emocionant. I per als qui encara estan explorant on invertir o viure al Mediterrani, Sitges a l\u2019agost \u00e9s la millor targeta de presentaci\u00f3.<\/p>\n<p data-start=\"627\" data-end=\"1063\">Durant aquest mes, la vila es converteix en un aut\u00e8ntic epicentre cultural, art\u00edstic i social. Des de festivals de m\u00fasica i exposicions d\u2019art contemporani fins a fires artesanals, mercats nocturns, regates esportives i esdeveniments gastron\u00f2mics que omplen el calendari d\u2019experi\u00e8ncies \u00faniques. Sitges \u00e9s una ciutat on sempre hi ha coses a fer, per\u00f2 a l\u2019agost el ritme s\u2019intensifica amb una energia que nom\u00e9s generen els llocs amb \u00e0nima.<\/p>\n<p data-start=\"1065\" data-end=\"1778\">I si hi ha un esdeveniment que converteix aquest mes en un espectacle inoblidable \u00e9s <strong data-start=\"1150\" data-end=\"1166\">la FM Sitges<\/strong>, la Festa Major m\u00e9s emblem\u00e0tica de la vila. Una explosi\u00f3 de tradici\u00f3, emoci\u00f3, p\u00f3lvora i orgull local que transforma els carrers en un escenari on gegants, castellers, trabucaires, focs artificials i cercaviles es barregen amb la m\u00fasica i la calor de l\u2019estiu. La FM Sitges no \u00e9s nom\u00e9s una festa: \u00e9s una viv\u00e8ncia cultural profunda que connecta amb les arrels del poble i emociona tant als qui hi han nascut com als qui el descobreixen per primer cop. Viure la FM Sitges des d\u2019una terrassa davant del mar o des del jard\u00ed privat d\u2019un habitatge de luxe \u00e9s un privilegi que pocs poden gaudir\u2026 per\u00f2 que molts desitgen.<\/p>\n<p data-start=\"1780\" data-end=\"2233\">Per als propietaris o llogaters d\u2019habitatges d\u2019alt standing, l\u2019agost a Sitges \u00e9s sin\u00f2nim de plenitud i connexi\u00f3 amb l\u2019essencial: la bellesa de l\u2019entorn, el confort de la llar, la proximitat de tot i la privacitat on realment cal. Les cases amb vistes al mar, jardins privats, piscines infinites i arquitectura cuidada esdevenen refugis perfectes per descansar despr\u00e9s d\u2019una jornada vibrant o per contemplar la posta de sol mediterr\u00e0nia en total serenor.<\/p>\n<p data-start=\"2235\" data-end=\"2604\">A m\u00e9s, aquest mes representa una oportunitat immillorable per a aquells que volen rendibilitzar la seva inversi\u00f3 mitjan\u00e7ant el lloguer vacacional de luxe. La demanda d\u2019habitatges exclusius es dispara, especialment entre visitants internacionals amb alt poder adquisitiu que cerquen experi\u00e8ncies aut\u00e8ntiques, immersives i refinades. I Sitges, sens dubte, les sap oferir.<\/p>\n<p data-start=\"2606\" data-end=\"2972\">A <strong data-start=\"2608\" data-end=\"2625\">La Clau Elite<\/strong>, entenem que l\u2019agost no \u00e9s nom\u00e9s un mes al calendari. \u00c9s una oportunitat irrepetible per viure amb intensitat, per gaudir del present, per invertir amb sentit. Per aix\u00f2 seleccionem acuradament propietats que no nom\u00e9s destaquen per la seva est\u00e8tica i ubicaci\u00f3, sin\u00f3 per all\u00f2 que fan sentir a qui les habita: harmonia, inspiraci\u00f3, qualitat de vida.<\/p>\n<p data-start=\"2974\" data-end=\"3178\">Tant si vols trobar la teva llar definitiva com si cerques una inversi\u00f3 s\u00f2lida amb alt rendiment, Sitges t\u2019espera. Perqu\u00e8 aqu\u00ed, l\u2019estiu no s\u2019acaba al setembre. Aqu\u00ed, cada dia pot tenir la llum de l\u2019agost.<\/p>\n","protected":false},"excerpt":{"rendered":"<p>Agost \u00e9s el cor que batega amb m\u00e9s for\u00e7a durant l\u2019estiu a Sitges. Els carrers s\u2019omplen de vida, les nits s\u2019allarguen i el Mediterrani ofereix la seva versi\u00f3 m\u00e9s c\u00e0lida i resplendent. Per a aquells que coneixen aquesta joia de la costa catalana, no hi ha un mes m\u00e9s vibrant, sofisticat i emocionant. I per [&hellip;]<\/p>\n","protected":false},"author":7,"featured_media":953810,"comment_status":"open","ping_status":"closed","sticky":false,"template":"","format":"standard","meta":{"footnotes":""},"categories":[762],"tags":[763,764,766,767,768,769,770,765],"yoast_head":"<!-- This site is optimized with the Yoast SEO plugin v21.6 - https:\/\/yoast.com\/wordpress\/plugins\/seo\/ -->\n<title>AGOST A SITGES: L\u2019ESTIU ES VIU EN MAJ\u00daSCULES - La Clau Elite<\/title>\n<meta name=\"robots\" content=\"index, follow, max-snippet:-1, max-image-preview:large, max-video-preview:-1\" \/>\n<link rel=\"canonical\" href=\"https:\/\/www.laclauelite.com\/ca\/agost-a-sitges-lestiu-es-viu-en-majuscules\/\" \/>\n<meta property=\"og:locale\" content=\"ca_ES\" \/>\n<meta property=\"og:type\" content=\"article\" \/>\n<meta property=\"og:title\" content=\"AGOST A SITGES: L\u2019ESTIU ES VIU EN MAJ\u00daSCULES - La Clau Elite\" \/>\n<meta property=\"og:description\" content=\"Agost \u00e9s el cor que batega amb m\u00e9s for\u00e7a durant l\u2019estiu a Sitges. Els carrers s\u2019omplen de vida, les nits s\u2019allarguen i el Mediterrani ofereix la seva versi\u00f3 m\u00e9s c\u00e0lida i resplendent. Per a aquells que coneixen aquesta joia de la costa catalana, no hi ha un mes m\u00e9s vibrant, sofisticat i emocionant. I per [&hellip;]\" \/>\n<meta property=\"og:url\" content=\"https:\/\/www.laclauelite.com\/ca\/agost-a-sitges-lestiu-es-viu-en-majuscules\/\" \/>\n<meta property=\"og:site_name\" content=\"La Clau Elite\" \/>\n<meta property=\"article:published_time\" content=\"2025-07-28T09:49:36+00:00\" \/>\n<meta property=\"og:image\" content=\"https:\/\/www.laclauelite.com\/wp-content\/uploads\/2025\/07\/fmsitges.jpg\" \/>\n\t<meta property=\"og:image:width\" content=\"1100\" \/>\n\t<meta property=\"og:image:height\" content=\"720\" \/>\n\t<meta property=\"og:image:type\" content=\"image\/jpeg\" \/>\n<meta name=\"author\" content=\"Admin\" \/>\n<meta name=\"twitter:label1\" content=\"Escrit per\" \/>\n\t<meta name=\"twitter:data1\" content=\"Admin\" \/>\n\t<meta name=\"twitter:label2\" content=\"Temps estimat de lectura\" \/>\n\t<meta name=\"twitter:data2\" content=\"3 minuts\" \/>\n<script type=\"application\/ld+json\" class=\"yoast-schema-graph\">{\"@context\":\"https:\/\/schema.org\",\"@graph\":[{\"@type\":\"WebPage\",\"@id\":\"https:\/\/www.laclauelite.com\/ca\/agost-a-sitges-lestiu-es-viu-en-majuscules\/\",\"url\":\"https:\/\/www.laclauelite.com\/ca\/agost-a-sitges-lestiu-es-viu-en-majuscules\/\",\"name\":\"AGOST A SITGES: L\u2019ESTIU ES VIU EN MAJ\u00daSCULES - La Clau Elite\",\"isPartOf\":{\"@id\":\"https:\/\/www.laclauelite.com\/#website\"},\"datePublished\":\"2025-07-28T09:49:36+00:00\",\"dateModified\":\"2025-07-28T09:49:36+00:00\",\"author\":{\"@id\":\"https:\/\/www.laclauelite.com\/#\/schema\/person\/686289e65d7ecc2552595245bff413b1\"},\"breadcrumb\":{\"@id\":\"https:\/\/www.laclauelite.com\/ca\/agost-a-sitges-lestiu-es-viu-en-majuscules\/#breadcrumb\"},\"inLanguage\":\"ca\",\"potentialAction\":[{\"@type\":\"ReadAction\",\"target\":[\"https:\/\/www.laclauelite.com\/ca\/agost-a-sitges-lestiu-es-viu-en-majuscules\/\"]}]},{\"@type\":\"BreadcrumbList\",\"@id\":\"https:\/\/www.laclauelite.com\/ca\/agost-a-sitges-lestiu-es-viu-en-majuscules\/#breadcrumb\",\"itemListElement\":[{\"@type\":\"ListItem\",\"position\":1,\"name\":\"Portada\",\"item\":\"https:\/\/www.laclauelite.com\/\"},{\"@type\":\"ListItem\",\"position\":2,\"name\":\"AGOST A SITGES: L\u2019ESTIU ES VIU EN MAJ\u00daSCULES\"}]},{\"@type\":\"WebSite\",\"@id\":\"https:\/\/www.laclauelite.com\/#website\",\"url\":\"https:\/\/www.laclauelite.com\/\",\"name\":\"La Clau Elite\",\"description\":\"\",\"potentialAction\":[{\"@type\":\"SearchAction\",\"target\":{\"@type\":\"EntryPoint\",\"urlTemplate\":\"https:\/\/www.laclauelite.com\/?s={search_term_string}\"},\"query-input\":\"required name=search_term_string\"}],\"inLanguage\":\"ca\"},{\"@type\":\"Person\",\"@id\":\"https:\/\/www.laclauelite.com\/#\/schema\/person\/686289e65d7ecc2552595245bff413b1\",\"name\":\"Admin\",\"image\":{\"@type\":\"ImageObject\",\"inLanguage\":\"ca\",\"@id\":\"https:\/\/www.laclauelite.com\/#\/schema\/person\/image\/\",\"url\":\"https:\/\/secure.gravatar.com\/avatar\/6644e3286aefcc7c3a75db721a9474e1?s=96&d=mm&r=g\",\"contentUrl\":\"https:\/\/secure.gravatar.com\/avatar\/6644e3286aefcc7c3a75db721a9474e1?s=96&d=mm&r=g\",\"caption\":\"Admin\"}}]}<\/script>\n<!-- \/ Yoast SEO plugin. -->","yoast_head_json":{"title":"AGOST A SITGES: L\u2019ESTIU ES VIU EN MAJ\u00daSCULES - La Clau Elite","robots":{"index":"index","follow":"follow","max-snippet":"max-snippet:-1","max-image-preview":"max-image-preview:large","max-video-preview":"max-video-preview:-1"},"canonical":"https:\/\/www.laclauelite.com\/ca\/agost-a-sitges-lestiu-es-viu-en-majuscules\/","og_locale":"ca_ES","og_type":"article","og_title":"AGOST A SITGES: L\u2019ESTIU ES VIU EN MAJ\u00daSCULES - La Clau Elite","og_description":"Agost \u00e9s el cor que batega amb m\u00e9s for\u00e7a durant l\u2019estiu a Sitges. Els carrers s\u2019omplen de vida, les nits s\u2019allarguen i el Mediterrani ofereix la seva versi\u00f3 m\u00e9s c\u00e0lida i resplendent. Per a aquells que coneixen aquesta joia de la costa catalana, no hi ha un mes m\u00e9s vibrant, sofisticat i emocionant. I per [&hellip;]","og_url":"https:\/\/www.laclauelite.com\/ca\/agost-a-sitges-lestiu-es-viu-en-majuscules\/","og_site_name":"La Clau Elite","article_published_time":"2025-07-28T09:49:36+00:00","og_image":[{"width":1100,"height":720,"url":"https:\/\/www.laclauelite.com\/wp-content\/uploads\/2025\/07\/fmsitges.jpg","type":"image\/jpeg"}],"author":"Admin","twitter_misc":{"Escrit per":"Admin","Temps estimat de lectura":"3 minuts"},"schema":{"@context":"https:\/\/schema.org","@graph":[{"@type":"WebPage","@id":"https:\/\/www.laclauelite.com\/ca\/agost-a-sitges-lestiu-es-viu-en-majuscules\/","url":"https:\/\/www.laclauelite.com\/ca\/agost-a-sitges-lestiu-es-viu-en-majuscules\/","name":"AGOST A SITGES: L\u2019ESTIU ES VIU EN MAJ\u00daSCULES - La Clau Elite","isPartOf":{"@id":"https:\/\/www.laclauelite.com\/#website"},"datePublished":"2025-07-28T09:49:36+00:00","dateModified":"2025-07-28T09:49:36+00:00","author":{"@id":"https:\/\/www.laclauelite.com\/#\/schema\/person\/686289e65d7ecc2552595245bff413b1"},"breadcrumb":{"@id":"https:\/\/www.laclauelite.com\/ca\/agost-a-sitges-lestiu-es-viu-en-majuscules\/#breadcrumb"},"inLanguage":"ca","potentialAction":[{"@type":"ReadAction","target":["https:\/\/www.laclauelite.com\/ca\/agost-a-sitges-lestiu-es-viu-en-majuscules\/"]}]},{"@type":"BreadcrumbList","@id":"https:\/\/www.laclauelite.com\/ca\/agost-a-sitges-lestiu-es-viu-en-majuscules\/#breadcrumb","itemListElement":[{"@type":"ListItem","position":1,"name":"Portada","item":"https:\/\/www.laclauelite.com\/"},{"@type":"ListItem","position":2,"name":"AGOST A SITGES: L\u2019ESTIU ES VIU EN MAJ\u00daSCULES"}]},{"@type":"WebSite","@id":"https:\/\/www.laclauelite.com\/#website","url":"https:\/\/www.laclauelite.com\/","name":"La Clau Elite","description":"","potentialAction":[{"@type":"SearchAction","target":{"@type":"EntryPoint","urlTemplate":"https:\/\/www.laclauelite.com\/?s={search_term_string}"},"query-input":"required name=search_term_string"}],"inLanguage":"ca"},{"@type":"Person","@id":"https:\/\/www.laclauelite.com\/#\/schema\/person\/686289e65d7ecc2552595245bff413b1","name":"Admin","image":{"@type":"ImageObject","inLanguage":"ca","@id":"https:\/\/www.laclauelite.com\/#\/schema\/person\/image\/","url":"https:\/\/secure.gravatar.com\/avatar\/6644e3286aefcc7c3a75db721a9474e1?s=96&d=mm&r=g","contentUrl":"https:\/\/secure.gravatar.com\/avatar\/6644e3286aefcc7c3a75db721a9474e1?s=96&d=mm&r=g","caption":"Admin"}}]}},"_links":{"self":[{"href":"https:\/\/www.laclauelite.com\/ca\/wp-json\/wp\/v2\/posts\/953805"}],"collection":[{"href":"https:\/\/www.laclauelite.com\/ca\/wp-json\/wp\/v2\/posts"}],"about":[{"href":"https:\/\/www.laclauelite.com\/ca\/wp-json\/wp\/v2\/types\/post"}],"author":[{"embeddable":true,"href":"https:\/\/www.laclauelite.com\/ca\/wp-json\/wp\/v2\/users\/7"}],"replies":[{"embeddable":true,"href":"https:\/\/www.laclauelite.com\/ca\/wp-json\/wp\/v2\/comments?post=953805"}],"version-history":[{"count":1,"href":"https:\/\/www.laclauelite.com\/ca\/wp-json\/wp\/v2\/posts\/953805\/revisions"}],"predecessor-version":[{"id":953815,"href":"https:\/\/www.laclauelite.com\/ca\/wp-json\/wp\/v2\/posts\/953805\/revisions\/953815"}],"wp:featuredmedia":[{"embeddable":true,"href":"https:\/\/www.laclauelite.com\/ca\/wp-json\/wp\/v2\/media\/953810"}],"wp:attachment":[{"href":"https:\/\/www.laclauelite.com\/ca\/wp-json\/wp\/v2\/media?parent=953805"}],"wp:term":[{"taxonomy":"category","embeddable":true,"href":"https:\/\/www.laclauelite.com\/ca\/wp-json\/wp\/v2\/categories?post=953805"},{"taxonomy":"post_tag","embeddable":true,"href":"https:\/\/www.laclauelite.com\/ca\/wp-json\/wp\/v2\/tags?post=953805"}],"curies":[{"name":"wp","href":"https:\/\/api.w.org\/{rel}","templated":true}]}}