{"id":853,"date":"2014-07-23T23:39:06","date_gmt":"2014-07-23T23:39:06","guid":{"rendered":"https:\/\/www.laclauelite.com\/apertura-oficina-rentseason-andorra-2\/"},"modified":"2016-07-28T16:15:36","modified_gmt":"2016-07-28T16:15:36","slug":"ouverture-de-bureau-andorre-rentseason","status":"publish","type":"post","link":"https:\/\/www.laclauelite.com\/fr\/ouverture-de-bureau-andorre-rentseason\/","title":{"rendered":"Ouverture prochaine pos Rentseason en Andorre"},"content":{"rendered":"<p style=\"text-align: justify;\">Nous sommes heureux d&#8217;annoncer que suite au succ\u00e8s de RENTSEASON, d\u00e9partement La Clau se sp\u00e9cialise dans la location dans la r\u00e9gion de Sitges GROUP, nous avons \u00e9largi notre offre avec l&#8217;ouverture d&#8217;un nouveau bureau en Andorre, en particulier dans la rue Maria Pla r\u00e9sultat 22 Andorre-la-Vieille.<\/p>\n<p style=\"text-align: justify;\">Ainsi, mouvement\u00e9e dans notre plate-forme en ligne pour la location de vacances <a title=\"Location de vacances: fermes, appartements, chalets, ...\" href=\"http:\/\/www.rentseason.com\/?Idioma=FR\" target=\"_blank\">www.rentseason.com<\/a> une large gamme de maisons et d&#8217;appartements tr\u00e8s proches des stations de ski et autres attractions des Pyr\u00e9n\u00e9es, outre le d\u00e9j\u00e0 connu et r\u00e9ussie forfait vacances Sitges, avec tous vos \u00e9v\u00e9nements locaux d&#8217;envergure internationale, ses plages et sa beaut\u00e9 m\u00e9diterran\u00e9enne.<\/p>\n<p style=\"text-align: justify;\">Comme vous le savez, avoir une propri\u00e9t\u00e9 dans une ville touristique comme Sitges ou Andorre est certainement une occasion d&#8217;affaires. De plus en plus de familles gagnent de l&#8217;argent suppl\u00e9mentaire par la location de votre r\u00e9sidence secondaire, y compris sa r\u00e9sidence, pendant les vacances et les week-ends. Avec RentSeason pas \u00e0 vous soucier de quoi que ce soit, nous allons prendre toutes les dispositions n\u00e9cessaires et nous nous occupons de tout pour les touristes \u00e0 profiter de votre s\u00e9jour ainsi que pour le propri\u00e9taire d&#8217;obtenir un bon retour sur votre propri\u00e9t\u00e9 avec confiance.<\/p>\n<blockquote><p>Pour plus d&#8217;information, n&#8217;h\u00e9sitez pas \u00e0 nous contacter: +34938112092 et +34938110104<\/p><\/blockquote>\n","protected":false},"excerpt":{"rendered":"<p>Nous sommes heureux d&#8217;annoncer que suite au succ\u00e8s de RENTSEASON, d\u00e9partement La Clau se sp\u00e9cialise dans la location dans la r\u00e9gion de Sitges GROUP, nous avons \u00e9largi notre offre avec l&#8217;ouverture d&#8217;un nouveau bureau en Andorre, en particulier dans la rue Maria Pla r\u00e9sultat 22 Andorre-la-Vieille. Ainsi, mouvement\u00e9e dans notre plate-forme en ligne pour la [&hellip;]<\/p>\n","protected":false},"author":1,"featured_media":5604,"comment_status":"open","ping_status":"closed","sticky":false,"template":"","format":"standard","meta":{"footnotes":""},"categories":[11],"tags":[],"yoast_head":"<!-- This site is optimized with the Yoast SEO plugin v21.6 - https:\/\/yoast.com\/wordpress\/plugins\/seo\/ -->\n<title>Ouverture prochaine pos Rentseason en Andorre - La Clau Elite<\/title>\n<meta name=\"robots\" content=\"index, follow, max-snippet:-1, max-image-preview:large, max-video-preview:-1\" \/>\n<link rel=\"canonical\" href=\"https:\/\/www.laclauelite.com\/fr\/ouverture-de-bureau-andorre-rentseason\/\" \/>\n<meta property=\"og:locale\" content=\"fr_FR\" \/>\n<meta property=\"og:type\" content=\"article\" \/>\n<meta property=\"og:title\" content=\"Ouverture prochaine pos Rentseason en Andorre - La Clau Elite\" \/>\n<meta property=\"og:description\" content=\"Nous sommes heureux d&#8217;annoncer que suite au succ\u00e8s de RENTSEASON, d\u00e9partement La Clau se sp\u00e9cialise dans la location dans la r\u00e9gion de Sitges GROUP, nous avons \u00e9largi notre offre avec l&#8217;ouverture d&#8217;un nouveau bureau en Andorre, en particulier dans la rue Maria Pla r\u00e9sultat 22 Andorre-la-Vieille. Ainsi, mouvement\u00e9e dans notre plate-forme en ligne pour la [&hellip;]\" \/>\n<meta property=\"og:url\" content=\"https:\/\/www.laclauelite.com\/fr\/ouverture-de-bureau-andorre-rentseason\/\" \/>\n<meta property=\"og:site_name\" content=\"La Clau Elite\" \/>\n<meta property=\"article:published_time\" content=\"2014-07-23T23:39:06+00:00\" \/>\n<meta property=\"article:modified_time\" content=\"2016-07-28T16:15:36+00:00\" \/>\n<meta property=\"og:image\" content=\"https:\/\/www.laclauelite.com\/wp-content\/uploads\/2014\/07\/rentseason-2.jpg\" \/>\n\t<meta property=\"og:image:width\" content=\"880\" \/>\n\t<meta property=\"og:image:height\" content=\"822\" \/>\n\t<meta property=\"og:image:type\" content=\"image\/jpeg\" \/>\n<meta name=\"author\" content=\"La Clau Elite\" \/>\n<meta name=\"twitter:label1\" content=\"\u00c9crit par\" \/>\n\t<meta name=\"twitter:data1\" content=\"La Clau Elite\" \/>\n\t<meta name=\"twitter:label2\" content=\"Dur\u00e9e de lecture estim\u00e9e\" \/>\n\t<meta name=\"twitter:data2\" content=\"1 minute\" \/>\n<script type=\"application\/ld+json\" class=\"yoast-schema-graph\">{\"@context\":\"https:\/\/schema.org\",\"@graph\":[{\"@type\":\"WebPage\",\"@id\":\"https:\/\/www.laclauelite.com\/fr\/ouverture-de-bureau-andorre-rentseason\/\",\"url\":\"https:\/\/www.laclauelite.com\/fr\/ouverture-de-bureau-andorre-rentseason\/\",\"name\":\"Ouverture prochaine pos Rentseason en Andorre - La Clau Elite\",\"isPartOf\":{\"@id\":\"https:\/\/www.laclauelite.com\/#website\"},\"datePublished\":\"2014-07-23T23:39:06+00:00\",\"dateModified\":\"2016-07-28T16:15:36+00:00\",\"author\":{\"@id\":\"https:\/\/www.laclauelite.com\/#\/schema\/person\/6a3317a0b8ae1e21ed17a697925a05fa\"},\"breadcrumb\":{\"@id\":\"https:\/\/www.laclauelite.com\/fr\/ouverture-de-bureau-andorre-rentseason\/#breadcrumb\"},\"inLanguage\":\"fr-FR\",\"potentialAction\":[{\"@type\":\"ReadAction\",\"target\":[\"https:\/\/www.laclauelite.com\/fr\/ouverture-de-bureau-andorre-rentseason\/\"]}]},{\"@type\":\"BreadcrumbList\",\"@id\":\"https:\/\/www.laclauelite.com\/fr\/ouverture-de-bureau-andorre-rentseason\/#breadcrumb\",\"itemListElement\":[{\"@type\":\"ListItem\",\"position\":1,\"name\":\"Portada\",\"item\":\"https:\/\/www.laclauelite.com\/\"},{\"@type\":\"ListItem\",\"position\":2,\"name\":\"Ouverture prochaine pos Rentseason en Andorre\"}]},{\"@type\":\"WebSite\",\"@id\":\"https:\/\/www.laclauelite.com\/#website\",\"url\":\"https:\/\/www.laclauelite.com\/\",\"name\":\"La Clau Elite\",\"description\":\"\",\"potentialAction\":[{\"@type\":\"SearchAction\",\"target\":{\"@type\":\"EntryPoint\",\"urlTemplate\":\"https:\/\/www.laclauelite.com\/?s={search_term_string}\"},\"query-input\":\"required name=search_term_string\"}],\"inLanguage\":\"fr-FR\"},{\"@type\":\"Person\",\"@id\":\"https:\/\/www.laclauelite.com\/#\/schema\/person\/6a3317a0b8ae1e21ed17a697925a05fa\",\"name\":\"La Clau Elite\",\"image\":{\"@type\":\"ImageObject\",\"inLanguage\":\"fr-FR\",\"@id\":\"https:\/\/www.laclauelite.com\/#\/schema\/person\/image\/\",\"url\":\"https:\/\/secure.gravatar.com\/avatar\/22fc9fa5b38e2d8439ce82eabb2de101?s=96&d=mm&r=g\",\"contentUrl\":\"https:\/\/secure.gravatar.com\/avatar\/22fc9fa5b38e2d8439ce82eabb2de101?s=96&d=mm&r=g\",\"caption\":\"La Clau Elite\"}}]}<\/script>\n<!-- \/ Yoast SEO plugin. -->","yoast_head_json":{"title":"Ouverture prochaine pos Rentseason en Andorre - La Clau Elite","robots":{"index":"index","follow":"follow","max-snippet":"max-snippet:-1","max-image-preview":"max-image-preview:large","max-video-preview":"max-video-preview:-1"},"canonical":"https:\/\/www.laclauelite.com\/fr\/ouverture-de-bureau-andorre-rentseason\/","og_locale":"fr_FR","og_type":"article","og_title":"Ouverture prochaine pos Rentseason en Andorre - La Clau Elite","og_description":"Nous sommes heureux d&#8217;annoncer que suite au succ\u00e8s de RENTSEASON, d\u00e9partement La Clau se sp\u00e9cialise dans la location dans la r\u00e9gion de Sitges GROUP, nous avons \u00e9largi notre offre avec l&#8217;ouverture d&#8217;un nouveau bureau en Andorre, en particulier dans la rue Maria Pla r\u00e9sultat 22 Andorre-la-Vieille. Ainsi, mouvement\u00e9e dans notre plate-forme en ligne pour la [&hellip;]","og_url":"https:\/\/www.laclauelite.com\/fr\/ouverture-de-bureau-andorre-rentseason\/","og_site_name":"La Clau Elite","article_published_time":"2014-07-23T23:39:06+00:00","article_modified_time":"2016-07-28T16:15:36+00:00","og_image":[{"width":880,"height":822,"url":"https:\/\/www.laclauelite.com\/wp-content\/uploads\/2014\/07\/rentseason-2.jpg","type":"image\/jpeg"}],"author":"La Clau Elite","twitter_misc":{"\u00c9crit par":"La Clau Elite","Dur\u00e9e de lecture estim\u00e9e":"1 minute"},"schema":{"@context":"https:\/\/schema.org","@graph":[{"@type":"WebPage","@id":"https:\/\/www.laclauelite.com\/fr\/ouverture-de-bureau-andorre-rentseason\/","url":"https:\/\/www.laclauelite.com\/fr\/ouverture-de-bureau-andorre-rentseason\/","name":"Ouverture prochaine pos Rentseason en Andorre - La Clau Elite","isPartOf":{"@id":"https:\/\/www.laclauelite.com\/#website"},"datePublished":"2014-07-23T23:39:06+00:00","dateModified":"2016-07-28T16:15:36+00:00","author":{"@id":"https:\/\/www.laclauelite.com\/#\/schema\/person\/6a3317a0b8ae1e21ed17a697925a05fa"},"breadcrumb":{"@id":"https:\/\/www.laclauelite.com\/fr\/ouverture-de-bureau-andorre-rentseason\/#breadcrumb"},"inLanguage":"fr-FR","potentialAction":[{"@type":"ReadAction","target":["https:\/\/www.laclauelite.com\/fr\/ouverture-de-bureau-andorre-rentseason\/"]}]},{"@type":"BreadcrumbList","@id":"https:\/\/www.laclauelite.com\/fr\/ouverture-de-bureau-andorre-rentseason\/#breadcrumb","itemListElement":[{"@type":"ListItem","position":1,"name":"Portada","item":"https:\/\/www.laclauelite.com\/"},{"@type":"ListItem","position":2,"name":"Ouverture prochaine pos Rentseason en Andorre"}]},{"@type":"WebSite","@id":"https:\/\/www.laclauelite.com\/#website","url":"https:\/\/www.laclauelite.com\/","name":"La Clau Elite","description":"","potentialAction":[{"@type":"SearchAction","target":{"@type":"EntryPoint","urlTemplate":"https:\/\/www.laclauelite.com\/?s={search_term_string}"},"query-input":"required name=search_term_string"}],"inLanguage":"fr-FR"},{"@type":"Person","@id":"https:\/\/www.laclauelite.com\/#\/schema\/person\/6a3317a0b8ae1e21ed17a697925a05fa","name":"La Clau Elite","image":{"@type":"ImageObject","inLanguage":"fr-FR","@id":"https:\/\/www.laclauelite.com\/#\/schema\/person\/image\/","url":"https:\/\/secure.gravatar.com\/avatar\/22fc9fa5b38e2d8439ce82eabb2de101?s=96&d=mm&r=g","contentUrl":"https:\/\/secure.gravatar.com\/avatar\/22fc9fa5b38e2d8439ce82eabb2de101?s=96&d=mm&r=g","caption":"La Clau Elite"}}]}},"_links":{"self":[{"href":"https:\/\/www.laclauelite.com\/fr\/wp-json\/wp\/v2\/posts\/853"}],"collection":[{"href":"https:\/\/www.laclauelite.com\/fr\/wp-json\/wp\/v2\/posts"}],"about":[{"href":"https:\/\/www.laclauelite.com\/fr\/wp-json\/wp\/v2\/types\/post"}],"author":[{"embeddable":true,"href":"https:\/\/www.laclauelite.com\/fr\/wp-json\/wp\/v2\/users\/1"}],"replies":[{"embeddable":true,"href":"https:\/\/www.laclauelite.com\/fr\/wp-json\/wp\/v2\/comments?post=853"}],"version-history":[{"count":6,"href":"https:\/\/www.laclauelite.com\/fr\/wp-json\/wp\/v2\/posts\/853\/revisions"}],"predecessor-version":[{"id":915,"href":"https:\/\/www.laclauelite.com\/fr\/wp-json\/wp\/v2\/posts\/853\/revisions\/915"}],"wp:featuredmedia":[{"embeddable":true,"href":"https:\/\/www.laclauelite.com\/fr\/wp-json\/wp\/v2\/media\/5604"}],"wp:attachment":[{"href":"https:\/\/www.laclauelite.com\/fr\/wp-json\/wp\/v2\/media?parent=853"}],"wp:term":[{"taxonomy":"category","embeddable":true,"href":"https:\/\/www.laclauelite.com\/fr\/wp-json\/wp\/v2\/categories?post=853"},{"taxonomy":"post_tag","embeddable":true,"href":"https:\/\/www.laclauelite.com\/fr\/wp-json\/wp\/v2\/tags?post=853"}],"curies":[{"name":"wp","href":"https:\/\/api.w.org\/{rel}","templated":true}]}}